{"id":850,"date":"2022-06-01T23:50:12","date_gmt":"2022-06-02T03:50:12","guid":{"rendered":"https:\/\/amblavana.esteri.it\/news\/dall_ambasciata\/2022\/06\/covid-19-aggiornamento-misure-ingresso-2\/"},"modified":"2022-06-01T23:50:12","modified_gmt":"2022-06-02T03:50:12","slug":"covid-19-aggiornamento-misure-ingresso-2","status":"publish","type":"post","link":"https:\/\/amblavana.esteri.it\/es\/news\/dall_ambasciata\/2022\/06\/covid-19-aggiornamento-misure-ingresso-2\/","title":{"rendered":"COVID-19: ACTUALIZACION MEDIDAS DE ENTRADA A ITALIA Y CUBA"},"content":{"rendered":"<p><strong>ENTRADA A CUBA<\/strong><\/p>\n<p>A partir del <strong>1ro de abril de 2022<\/strong> han sido eliminadas todas las restricciones para la entrada a Cuba. No ser\u00e1 ya necesario mostrar el certificado de vacunaci\u00f3n ni el resultado negativo de un test molecular para la entrada al Pa\u00eds.<\/p>\n<p>Permanece la obligaci\u00f3n de presentar a la llegada una declaraci\u00f3n de salud en formato digital, disponible en el sitio web:\u00a0https:\/\/www.dviajeros.mitrans.gob.cu\/<\/p>\n<p>COVID-19: para monitorear la evoluci\u00f3n de la situaci\u00f3n epodemiol\u00f3gica, se recomienda consultar el sitio web del Ministerio de Salud cubano en el siguiente link: https:\/\/salud.msp.gob.cu\/category\/covid-19\/<\/p>\n<p>A partir del <strong>31 de mayo de 2022<\/strong> ha sido eliminada la obligaci\u00f3n del uso de la mascarilla.<\/p>\n<p><strong>ENTRADA A ITALIA<\/strong><\/p>\n<p>A partir del <strong>1ro de junio de 2022<\/strong> para entrar\/regresar a Italia desde Cuba, no es ya obligatorio mostrar el Green Pass o certificaci\u00f3n de vacunaci\u00f3n o el resultado de un test covid negativo.<\/p>\n<p>Para ulteriores informaciones se ruega consultar:<\/p>\n<p>\u25e6 Focus: http:\/\/www.viaggiaresicuri.it\/approfondimenti-insights\/saluteinviaggio<\/p>\n","protected":false},"excerpt":{"rendered":"ENTRADA A CUBA A partir del 1ro de abril de 2022 han sido eliminadas todas las restricciones para la entrada a Cuba. No ser\u00e1 ya necesario mostrar el certificado de vacunaci\u00f3n ni el resultado negativo de un test molecular para la entrada al Pa\u00eds. Permanece la obligaci\u00f3n de presentar a la llegada una declaraci\u00f3n de [&hellip;]","protected":false},"author":1,"featured_media":0,"comment_status":"","ping_status":"","sticky":false,"template":"","format":"standard","meta":{"footnotes":""},"tags":[],"class_list":["post-850","post","type-post","status-publish","format-standard","hentry"],"_links":{"self":[{"href":"https:\/\/amblavana.esteri.it\/es\/wp-json\/wp\/v2\/posts\/850","targetHints":{"allow":["GET"]}}],"collection":[{"href":"https:\/\/amblavana.esteri.it\/es\/wp-json\/wp\/v2\/posts"}],"about":[{"href":"https:\/\/amblavana.esteri.it\/es\/wp-json\/wp\/v2\/types\/post"}],"author":[{"embeddable":true,"href":"https:\/\/amblavana.esteri.it\/es\/wp-json\/wp\/v2\/users\/1"}],"replies":[{"embeddable":true,"href":"https:\/\/amblavana.esteri.it\/es\/wp-json\/wp\/v2\/comments?post=850"}],"version-history":[{"count":0,"href":"https:\/\/amblavana.esteri.it\/es\/wp-json\/wp\/v2\/posts\/850\/revisions"}],"wp:attachment":[{"href":"https:\/\/amblavana.esteri.it\/es\/wp-json\/wp\/v2\/media?parent=850"}],"wp:term":[{"taxonomy":"post_tag","embeddable":true,"href":"https:\/\/amblavana.esteri.it\/es\/wp-json\/wp\/v2\/tags?post=850"}],"curies":[{"name":"wp","href":"https:\/\/api.w.org\/{rel}","templated":true}]}}