{"id":844,"date":"2022-06-13T23:37:10","date_gmt":"2022-06-14T03:37:10","guid":{"rendered":"https:\/\/amblavana.esteri.it\/news\/dall_ambasciata\/2022\/06\/v-colloquio-sulla-presenza-europea-2\/"},"modified":"2022-06-13T23:37:10","modified_gmt":"2022-06-14T03:37:10","slug":"v-colloquio-sulla-presenza-europea-2","status":"publish","type":"post","link":"https:\/\/amblavana.esteri.it\/es\/news\/dall_ambasciata\/2022\/06\/v-colloquio-sulla-presenza-europea-2\/","title":{"rendered":"Convocatoria al V Coloquio Presencias europeas en Cuba"},"content":{"rendered":"<p>El Centro para la Interpretaci\u00f3n de las Relaciones Culturales Cuba-Europa ha publicado la convocatoria para el V Coloquio sobre la Presencia europea en Cuba, que este a\u00f1o tendr\u00e1 como tema \u00abLas mujeres en la historia compartida entre Cuba y Europa\u00bb.<\/p>\n<p>La fecha l\u00edmite para presentar las propuestas est\u00e1 fijada para el pr\u00f3ximo 5 de septiembre.<\/p>\n<p>El Coloquio se desarrollar\u00e1 del 26 al 28 de octubre en el Palacio del Segundo Cabo.\u00a0<\/p>\n<p>Para mayor informaci\u00f3n consulta la <a href=\"resource\/doc\/2022\/06\/convocatoria_v_coloquio_presencias_europeas_en_cuba.pdf\">convocatoria<\/a>.\u00a0<\/p>\n<p>\u00a0<\/p>\n<p>\u00a0<\/p>\n","protected":false},"excerpt":{"rendered":"El Centro para la Interpretaci\u00f3n de las Relaciones Culturales Cuba-Europa ha publicado la convocatoria para el V Coloquio sobre la Presencia europea en Cuba, que este a\u00f1o tendr\u00e1 como tema \u00abLas mujeres en la historia compartida entre Cuba y Europa\u00bb. La fecha l\u00edmite para presentar las propuestas est\u00e1 fijada para el pr\u00f3ximo 5 de septiembre. [&hellip;]","protected":false},"author":1,"featured_media":0,"comment_status":"","ping_status":"","sticky":false,"template":"","format":"standard","meta":{"footnotes":""},"tags":[],"class_list":["post-844","post","type-post","status-publish","format-standard","hentry"],"_links":{"self":[{"href":"https:\/\/amblavana.esteri.it\/es\/wp-json\/wp\/v2\/posts\/844","targetHints":{"allow":["GET"]}}],"collection":[{"href":"https:\/\/amblavana.esteri.it\/es\/wp-json\/wp\/v2\/posts"}],"about":[{"href":"https:\/\/amblavana.esteri.it\/es\/wp-json\/wp\/v2\/types\/post"}],"author":[{"embeddable":true,"href":"https:\/\/amblavana.esteri.it\/es\/wp-json\/wp\/v2\/users\/1"}],"replies":[{"embeddable":true,"href":"https:\/\/amblavana.esteri.it\/es\/wp-json\/wp\/v2\/comments?post=844"}],"version-history":[{"count":0,"href":"https:\/\/amblavana.esteri.it\/es\/wp-json\/wp\/v2\/posts\/844\/revisions"}],"wp:attachment":[{"href":"https:\/\/amblavana.esteri.it\/es\/wp-json\/wp\/v2\/media?parent=844"}],"wp:term":[{"taxonomy":"post_tag","embeddable":true,"href":"https:\/\/amblavana.esteri.it\/es\/wp-json\/wp\/v2\/tags?post=844"}],"curies":[{"name":"wp","href":"https:\/\/api.w.org\/{rel}","templated":true}]}}