{"id":805,"date":"2022-08-18T18:51:55","date_gmt":"2022-08-18T22:51:55","guid":{"rendered":"https:\/\/amblavana.esteri.it\/news\/dall_ambasciata\/2022\/08\/cuba-primo-congresso-internazionale-2\/"},"modified":"2022-08-18T18:51:55","modified_gmt":"2022-08-18T22:51:55","slug":"cuba-primo-congresso-internazionale-2","status":"publish","type":"post","link":"https:\/\/amblavana.esteri.it\/es\/news\/dall_ambasciata\/2022\/08\/cuba-primo-congresso-internazionale-2\/","title":{"rendered":"CUBA: PRIMER CONGRESO INTERNACIONAL DE PATRIMONIO CULTURAL"},"content":{"rendered":"<p>El Consejo Nacional de Patrimonio Cultural del Ministerio de Cultura de la Rep\u00fablica de Cuba convoca al Primer Congreso Internacional de Patrimonio Cultural.\u00a0<\/p>\n<p>El evento est\u00e1 dirigido a investigadores, estudiantes, promotores y gestores culturales, miembros de instituciones p\u00fablicas y privadas. Las actividades del Congreso tendr\u00e1n como objeto los siguientes temas:\u00a0<\/p>\n<p>\u00b7 Legislaci\u00f3n<\/p>\n<p>\u00b7 Pol\u00edticas de Gesti\u00f3n del Patrimonio Cultural<\/p>\n<p>\u00b7 Museolog\u00eda y Museograf\u00eda<\/p>\n<p>\u00b7 Museos y desarrollo sostenible<\/p>\n<p>\u00b7 Educaci\u00f3n patrimonial desde los museos y en la comunidad<\/p>\n<p>\u00b7 Conservazione y restauraci\u00f3n de bienes muebles<\/p>\n<p>\u00b7 Patrimonio Mundial<\/p>\n<p>\u00b7 Salvaguardia del Patrimonio Cultural inamterial<\/p>\n<p>\u00b7 Patrimonio arqueol\u00f3gico<\/p>\n<p>\u00b7 Inventarios y sistemas de gesti\u00f3n de la informaci\u00f3n<\/p>\n<p>\u00b7 Interpretaci\u00f3n del patrimonio cultural<\/p>\n<p>\u00b7 Patrimonio Culturale y cambio clim\u00e1tico<\/p>\n<p>\u00b7 Patrimonio y turismo<\/p>\n<p>Tomando en consideraci\u00f3n el importante papel desarrollado por Italia en las materias objetos de la iniciativa, la Embajada espera una activa y amplia presencia del mundo cultural italiano y se encuentra a disposici\u00f3n de los interesados para coordinar y apoyar la participaci\u00f3n.\u00a0<\/p>\n<p>Para mayor informaci\u00f3n, es posible consultar la p\u00e1gina\u00a0<a href=\"http:\/\/www.cubarte.cult.cu\/consejo-nacional-de-patrimonio-cubano\/convocatoria-al-primer-congreso-internacional-de-patrimonio-cultural\/\">www.cubarte.cult.cu\/consejo-nacional-de-patrimonio-cubano\/convocatoria-al-primer-congreso-internacional-de-patrimonio-cultural\/<\/a><\/p>\n<p>\u00a0<\/p>\n<p>\u00a0<\/p>\n","protected":false},"excerpt":{"rendered":"El Consejo Nacional de Patrimonio Cultural del Ministerio de Cultura de la Rep\u00fablica de Cuba convoca al Primer Congreso Internacional de Patrimonio Cultural.\u00a0 El evento est\u00e1 dirigido a investigadores, estudiantes, promotores y gestores culturales, miembros de instituciones p\u00fablicas y privadas. Las actividades del Congreso tendr\u00e1n como objeto los siguientes temas:\u00a0 \u00b7 Legislaci\u00f3n \u00b7 Pol\u00edticas de [&hellip;]","protected":false},"author":1,"featured_media":0,"comment_status":"","ping_status":"","sticky":false,"template":"","format":"standard","meta":{"footnotes":""},"tags":[],"class_list":["post-805","post","type-post","status-publish","format-standard","hentry"],"_links":{"self":[{"href":"https:\/\/amblavana.esteri.it\/es\/wp-json\/wp\/v2\/posts\/805","targetHints":{"allow":["GET"]}}],"collection":[{"href":"https:\/\/amblavana.esteri.it\/es\/wp-json\/wp\/v2\/posts"}],"about":[{"href":"https:\/\/amblavana.esteri.it\/es\/wp-json\/wp\/v2\/types\/post"}],"author":[{"embeddable":true,"href":"https:\/\/amblavana.esteri.it\/es\/wp-json\/wp\/v2\/users\/1"}],"replies":[{"embeddable":true,"href":"https:\/\/amblavana.esteri.it\/es\/wp-json\/wp\/v2\/comments?post=805"}],"version-history":[{"count":0,"href":"https:\/\/amblavana.esteri.it\/es\/wp-json\/wp\/v2\/posts\/805\/revisions"}],"wp:attachment":[{"href":"https:\/\/amblavana.esteri.it\/es\/wp-json\/wp\/v2\/media?parent=805"}],"wp:term":[{"taxonomy":"post_tag","embeddable":true,"href":"https:\/\/amblavana.esteri.it\/es\/wp-json\/wp\/v2\/tags?post=805"}],"curies":[{"name":"wp","href":"https:\/\/api.w.org\/{rel}","templated":true}]}}