{"id":795,"date":"2022-08-24T17:27:55","date_gmt":"2022-08-24T21:27:55","guid":{"rendered":"https:\/\/amblavana.esteri.it\/news\/dall_ambasciata\/2022\/08\/cuba-trasporto-umanitario-della-2\/"},"modified":"2022-08-24T17:27:55","modified_gmt":"2022-08-24T21:27:55","slug":"cuba-trasporto-umanitario-della-2","status":"publish","type":"post","link":"https:\/\/amblavana.esteri.it\/es\/news\/dall_ambasciata\/2022\/08\/cuba-trasporto-umanitario-della-2\/","title":{"rendered":"Cuba. Transporte humanitario de la Cooperaci\u00f3n Italiana en respuesta a las consecuencias del incendio de Matanzas el 5 de agosto- Comunicado del Ministerio de Asuntos Exteriores y de la Cooperaci\u00f3n Internacional"},"content":{"rendered":"<p style=\"text-align: justify;\">En respuesta a las crecientes necesidades humanitarias registradas a Cuba a causa de las explosiones que afectaron la central termoel\u00e9ctrica de Matanzas, la Cooperaci\u00f3n italiana ha dispuesto y organizado una expedici\u00f3n humanitaria con salida desde la Base de R\u00e1pida Intervenci\u00f3n Humanitaria de las Naciones Unidas en Brindisi (UNHRD). Gracias a este transporte se enviar\u00e1n a Cuba de conjunto cerca de 2,3 toneladas de ayuda humanitaria (medicinas, kits sanitarios) para apoyar a las Autoridades cubanas en la asistencia a las v\u00edctmas del accidente y a los numerosos evacuados. La operaci\u00f3n es conducida por el Ministerio de Asuntos Exteriores y de las Cooperaci\u00f3n Internacional en coordinaci\u00f3n con el Departamento de la Protecci\u00f3n Civil en el cuadro del Mecanismo Europeo de Protecci\u00f3n Civil.\u00a0<\/p>\n","protected":false},"excerpt":{"rendered":"En respuesta a las crecientes necesidades humanitarias registradas a Cuba a causa de las explosiones que afectaron la central termoel\u00e9ctrica de Matanzas, la Cooperaci\u00f3n italiana ha dispuesto y organizado una expedici\u00f3n humanitaria con salida desde la Base de R\u00e1pida Intervenci\u00f3n Humanitaria de las Naciones Unidas en Brindisi (UNHRD). Gracias a este transporte se enviar\u00e1n a [&hellip;]","protected":false},"author":1,"featured_media":0,"comment_status":"","ping_status":"","sticky":false,"template":"","format":"standard","meta":{"footnotes":""},"tags":[],"class_list":["post-795","post","type-post","status-publish","format-standard","hentry"],"_links":{"self":[{"href":"https:\/\/amblavana.esteri.it\/es\/wp-json\/wp\/v2\/posts\/795","targetHints":{"allow":["GET"]}}],"collection":[{"href":"https:\/\/amblavana.esteri.it\/es\/wp-json\/wp\/v2\/posts"}],"about":[{"href":"https:\/\/amblavana.esteri.it\/es\/wp-json\/wp\/v2\/types\/post"}],"author":[{"embeddable":true,"href":"https:\/\/amblavana.esteri.it\/es\/wp-json\/wp\/v2\/users\/1"}],"replies":[{"embeddable":true,"href":"https:\/\/amblavana.esteri.it\/es\/wp-json\/wp\/v2\/comments?post=795"}],"version-history":[{"count":0,"href":"https:\/\/amblavana.esteri.it\/es\/wp-json\/wp\/v2\/posts\/795\/revisions"}],"wp:attachment":[{"href":"https:\/\/amblavana.esteri.it\/es\/wp-json\/wp\/v2\/media?parent=795"}],"wp:term":[{"taxonomy":"post_tag","embeddable":true,"href":"https:\/\/amblavana.esteri.it\/es\/wp-json\/wp\/v2\/tags?post=795"}],"curies":[{"name":"wp","href":"https:\/\/api.w.org\/{rel}","templated":true}]}}