{"id":778,"date":"2022-09-26T19:08:33","date_gmt":"2022-09-26T23:08:33","guid":{"rendered":"https:\/\/amblavana.esteri.it\/news\/dall_ambasciata\/2022\/09\/uragano-ian-2\/"},"modified":"2022-09-26T19:08:33","modified_gmt":"2022-09-26T23:08:33","slug":"uragano-ian-2","status":"publish","type":"post","link":"https:\/\/amblavana.esteri.it\/es\/news\/dall_ambasciata\/2022\/09\/uragano-ian-2\/","title":{"rendered":"Hurac\u00e1n \u00abIan\u00bb"},"content":{"rendered":"<p style=\"text-align: justify;\">El hurac\u00e1n Ian arribar\u00e1 a Cuba en la jornada del 26 de septiembre, trayendo consigo intensas precipitaciones y fuertes vientos, que podr\u00edan causar inundaciones, marejadas costeras y deslizamientos.<\/p>\n<p style=\"text-align: justify;\">Se recomienda seguir las instrucciones de las autoridades locales y evitar los desplazamientos, sobre todo en la parte occidental y central del pa\u00eds, as\u00ed como continuar monitoreando con atenci\u00f3n las actualizaciones meteorol\u00f3gicas.<\/p>\n<p style=\"text-align: justify;\">Debido al estado de alerta cicl\u00f3nica en La Habana y las Provincias Occidentales de Cuba, en la jornada de ma\u00f1ana, martes 27 de septiembre, la Embajada permanecer\u00e1 cerrada al p\u00fablico.<\/p>\n<p style=\"text-align: justify;\">Las citas de las Oficinas consular y de visado ser\u00e1n reprogramadas en los pr\u00f3ximos d\u00edas.<\/p>\n<p style=\"text-align: justify;\">Ser\u00e1n brindadas pr\u00f3ximas informaciones a trav\u00e9s de la p\u00e1gina web y las redes sociales de La Embajada.<\/p>\n<p style=\"text-align: justify;\">Ulteriores informaciones:\u00a0<a href=\"https:\/\/www.viaggiaresicuri.it\/find-country\/country\/CUB\">Viaggiare Sicuri<\/a><\/p>\n","protected":false},"excerpt":{"rendered":"El hurac\u00e1n Ian arribar\u00e1 a Cuba en la jornada del 26 de septiembre, trayendo consigo intensas precipitaciones y fuertes vientos, que podr\u00edan causar inundaciones, marejadas costeras y deslizamientos. Se recomienda seguir las instrucciones de las autoridades locales y evitar los desplazamientos, sobre todo en la parte occidental y central del pa\u00eds, as\u00ed como continuar monitoreando [&hellip;]","protected":false},"author":1,"featured_media":0,"comment_status":"","ping_status":"","sticky":false,"template":"","format":"standard","meta":{"footnotes":""},"tags":[],"class_list":["post-778","post","type-post","status-publish","format-standard","hentry"],"_links":{"self":[{"href":"https:\/\/amblavana.esteri.it\/es\/wp-json\/wp\/v2\/posts\/778","targetHints":{"allow":["GET"]}}],"collection":[{"href":"https:\/\/amblavana.esteri.it\/es\/wp-json\/wp\/v2\/posts"}],"about":[{"href":"https:\/\/amblavana.esteri.it\/es\/wp-json\/wp\/v2\/types\/post"}],"author":[{"embeddable":true,"href":"https:\/\/amblavana.esteri.it\/es\/wp-json\/wp\/v2\/users\/1"}],"replies":[{"embeddable":true,"href":"https:\/\/amblavana.esteri.it\/es\/wp-json\/wp\/v2\/comments?post=778"}],"version-history":[{"count":0,"href":"https:\/\/amblavana.esteri.it\/es\/wp-json\/wp\/v2\/posts\/778\/revisions"}],"wp:attachment":[{"href":"https:\/\/amblavana.esteri.it\/es\/wp-json\/wp\/v2\/media?parent=778"}],"wp:term":[{"taxonomy":"post_tag","embeddable":true,"href":"https:\/\/amblavana.esteri.it\/es\/wp-json\/wp\/v2\/tags?post=778"}],"curies":[{"name":"wp","href":"https:\/\/api.w.org\/{rel}","templated":true}]}}