{"id":735,"date":"2023-01-24T18:41:47","date_gmt":"2023-01-24T22:41:47","guid":{"rendered":"https:\/\/amblavana.esteri.it\/news\/dall_ambasciata\/2023\/01\/geometria-dell-incanto-di-valerio-2\/"},"modified":"2023-01-24T18:41:47","modified_gmt":"2023-01-24T22:41:47","slug":"geometria-dell-incanto-di-valerio-2","status":"publish","type":"post","link":"https:\/\/amblavana.esteri.it\/es\/news\/dall_ambasciata\/2023\/01\/geometria-dell-incanto-di-valerio-2\/","title":{"rendered":"\u00abGeometr\u00eda del encanto\u00bb de Valerio Corzani llega a La Habana"},"content":{"rendered":"<p style=\"text-align: justify;\"><strong>\u00abGeometr\u00eda del encanto\u00bb de Valerio Corzani llega a La Habana<\/strong><\/p>\n<p style=\"text-align: justify;\">\u00a0<\/p>\n<p style=\"text-align: justify;\">\u00abGeometr\u00eda del encanto &#8211; Fragmentos de belleza italiana\u00bb es el t\u00edtulo de la exposici\u00f3n fotogr\u00e1fica que se inaugurar\u00e1 el pr\u00f3ximo 26 de enero de 2023 a las 18:30 en la \u00abPared Negra\u00bb (Nave 3) de la F\u00e1brica de Arte Cubano (FAC) y que permanecer\u00e1 en exhibici\u00f3n hasta el 26 de febrero. La exposici\u00f3n, que llega a Cuba despu\u00e9s de haber sido presentada en Budapest y Z\u00farich en 2022, es tambi\u00e9n la ocasi\u00f3n para presentar al p\u00fablico cubano el hom\u00f3nimo volumen editado por Treccani (2021). Valerio Corzani es fot\u00f3grafo, pero tambi\u00e9n m\u00fasico, periodista, autor y locutor de radio.<\/p>\n<p style=\"text-align: justify;\">Las formas geom\u00e9tricas de los paisajes naturales y arquitect\u00f3nicos acompa\u00f1an al espectador a trav\u00e9s de las bellezas italianas, desde el Valle de Aosta hasta Sicilia: encontrando afinidades perimetrales, el artista hace ins\u00f3lito un paisaje o un detalle gracias a su \u00abpo\u00e9tica mirada\u00bb.<\/p>\n<p style=\"text-align: justify;\">A las fotos, que inmortalizan treinta lugares italianos, el fot\u00f3grafo a\u00f1ade una breve reflexi\u00f3n y un acompa\u00f1amiento musical (exclusivamente Made in Italy que van desde Monteverdi a Fossati). Una Italia fascinante se cuenta a trav\u00e9s del mosaico ilustrativo de Corzani. Matera y sus antenas, la isla silenciosa de Burano, las banderas con la imagen del Nuncio Sulpricio en N\u00e1poles, Loano llena de sombrillas y tumbonas en la playa, las m\u00edticas g\u00f3ndolas de Venecia, son solo algunos de los lugares fotografiados y que nos llevan en un viaje por el patrimonio paisaj\u00edstico y cultural de Italia.<\/p>\n<p style=\"text-align: justify;\">A la inauguraci\u00f3n de la exposici\u00f3n seguir\u00e1 una presentaci\u00f3n del autor, que presentar\u00e1 las fotos junto con la pieza musical y las sugerencias que llevaron a la combinaci\u00f3n.<\/p>\n","protected":false},"excerpt":{"rendered":"\u00abGeometr\u00eda del encanto\u00bb de Valerio Corzani llega a La Habana \u00a0 \u00abGeometr\u00eda del encanto &#8211; Fragmentos de belleza italiana\u00bb es el t\u00edtulo de la exposici\u00f3n fotogr\u00e1fica que se inaugurar\u00e1 el pr\u00f3ximo 26 de enero de 2023 a las 18:30 en la \u00abPared Negra\u00bb (Nave 3) de la F\u00e1brica de Arte Cubano (FAC) y que permanecer\u00e1 [&hellip;]","protected":false},"author":1,"featured_media":0,"comment_status":"","ping_status":"","sticky":false,"template":"","format":"standard","meta":{"footnotes":""},"tags":[],"class_list":["post-735","post","type-post","status-publish","format-standard","hentry"],"_links":{"self":[{"href":"https:\/\/amblavana.esteri.it\/es\/wp-json\/wp\/v2\/posts\/735","targetHints":{"allow":["GET"]}}],"collection":[{"href":"https:\/\/amblavana.esteri.it\/es\/wp-json\/wp\/v2\/posts"}],"about":[{"href":"https:\/\/amblavana.esteri.it\/es\/wp-json\/wp\/v2\/types\/post"}],"author":[{"embeddable":true,"href":"https:\/\/amblavana.esteri.it\/es\/wp-json\/wp\/v2\/users\/1"}],"replies":[{"embeddable":true,"href":"https:\/\/amblavana.esteri.it\/es\/wp-json\/wp\/v2\/comments?post=735"}],"version-history":[{"count":0,"href":"https:\/\/amblavana.esteri.it\/es\/wp-json\/wp\/v2\/posts\/735\/revisions"}],"wp:attachment":[{"href":"https:\/\/amblavana.esteri.it\/es\/wp-json\/wp\/v2\/media?parent=735"}],"wp:term":[{"taxonomy":"post_tag","embeddable":true,"href":"https:\/\/amblavana.esteri.it\/es\/wp-json\/wp\/v2\/tags?post=735"}],"curies":[{"name":"wp","href":"https:\/\/api.w.org\/{rel}","templated":true}]}}