{"id":706,"date":"2023-03-08T20:03:19","date_gmt":"2023-03-09T00:03:19","guid":{"rendered":"https:\/\/amblavana.esteri.it\/news\/dall_ambasciata\/2023\/03\/concerto-di-musica-barocca-migraciones-2\/"},"modified":"2023-03-08T20:03:19","modified_gmt":"2023-03-09T00:03:19","slug":"concerto-di-musica-barocca-migraciones-2","status":"publish","type":"post","link":"https:\/\/amblavana.esteri.it\/es\/news\/dall_ambasciata\/2023\/03\/concerto-di-musica-barocca-migraciones-2\/","title":{"rendered":"CONCIERTO DE M\u00daSICA BARROCA &#8216;MIGRACIONES Y TRANSMIGRACIONES MUSICALES EN EL SIGLO XVIII&#8217; DIRIGIDO POR EL MAESTRO ALBERTO SANNA"},"content":{"rendered":"<p style=\"text-align: justify;\">El s\u00e1bado 11 de marzo, a las 19:00 horas, el Colegio\u00a0Universitario San Ger\u00f3nimo de La Habana acoger\u00e1 el concierto <em>Migraciones y transmigraciones musicales en el siglo XVIII<\/em>. Dirigido por el maestro Alberto Sanna, violinista y mujsicologo, el programa del concierto contar\u00e1 con dos formaciones musicales de alto nivel que interpretar\u00e1n obras para coro y orquesta de Corelli, H\u00e4ndel, Geminiani y el Rinc\u00f3n de Astorga.<\/p>\n<p style=\"text-align: justify;\">\u00a0<\/p>\n<p style=\"text-align: justify;\"><strong>Programa del concierto<\/strong><\/p>\n<ul style=\"text-align: justify;\">\n<li>Georg Friedrich H\u00e4ndel, Concierto para oboe y orquesta de cuerdas HWV 287 en do menor<\/li>\n<li>Arcangelo Corelli, Concierto para viol\u00edn y orquesta de cuerdas op. 6 n\u00ba 12 en fa mayor<\/li>\n<li>Francesco Geminiani, Concierto para viol\u00edn y orquesta de cuerdas H. 122 en re mayor<\/li>\n<li>Georg Friedrich H\u00e4ndel, \u00abUrne voi\u00bb, aria para tenor y orquesta de cuerdas del oratorio Il trionfo del tempo e del disinganno HWV 46a<\/li>\n<li>Georg Friedrich H\u00e4ndel, \u00abD&#8217;un barbaro scortese\u00bb, aria para tenor y orquesta de cuerdas de la \u00f3pera Poro, re dell&#8217;Indie HWV 28<\/li>\n<li>Emanuele Rinc\u00f3n de Astorga, Stabat Mater para solistas, coro y orquesta de cuerdas<\/li>\n<\/ul>\n<p style=\"text-align: justify;\">\u00a0<\/p>\n<p style=\"text-align: justify;\"><strong>Con la participaci\u00f3n de<\/strong><\/p>\n<ul style=\"text-align: justify;\">\n<li>Ensemble Cantabile<\/li>\n<li>Conjunto de M\u00fasica Antigua Exsulten<\/li>\n<li>Camerata Vocale Sine Nomine<\/li>\n<\/ul>\n<p style=\"text-align: justify;\">\u00a0<\/p>\n<p style=\"text-align: justify;\"><strong>El Maestro Alberto<\/strong> <strong>Sanna<\/strong> es un violinista, music\u00f3logo y pedagogo italiano afincado en Oxford, Reino Unido. Especializado en m\u00fasica de los siglos XVII y XVIII, ha publicado en revistas musicol\u00f3gicas internacionales y, como artista independiente, ha grabado repertorio de la \u00e9poca. Dirige regularmente obras instrumentales y vocales a gran escala para viol\u00edn e interpreta m\u00fasica de c\u00e1mara a escala nacional e internacional. Es director de la organizaci\u00f3n ben\u00e9fica Early Music as Education (EMAE), con sede en Liverpool, y de su Early Music Youth Orchestra (EMYO), con la que act\u00faa regularmente. Tambi\u00e9n es investigador principal en Lady Margaret Hall, un colegio de la Universidad de Oxford, y profesor visitante en el Colegio Universitario San Ger\u00f3nimo de La Habana.<\/p>\n<p style=\"text-align: justify;\"><strong>Ensemble Cantabile<\/strong> es una agrupaci\u00f3n vocal-instrumental que forma parte del cat\u00e1logo del Centro Nacional de M\u00fasica de Concierto y dedica su trabajo a la interpretaci\u00f3n hist\u00f3ricamente informada de la m\u00fasica barroca cubana, latinoamericana y europea. Desde su fundaci\u00f3n en 2016, ha participado en varios festivales de m\u00fasica antigua, entre ellos la Semana de M\u00fasica Sacra de La Habana y el Festival de M\u00fasica Antigua de La Habana. La compa\u00f1\u00eda destaca por su autenticidad en la recreaci\u00f3n de la escena musical antigua, as\u00ed como en la recuperaci\u00f3n de instrumentos hist\u00f3ricos en Cuba.\u00a0En el concierto dirigido por el Maestro Sanna, el Ensemble Cantabile actuar\u00e1 junto a las voces del Conjunto de M\u00fasica Antigua Exsulten.<\/p>\n<p style=\"text-align: justify;\">Fundada en septiembre de 2003 por el director Enrique Fili\u00f9 O&#8217;Reilly, la <strong>Camerata Vocale Sine Nomine<\/strong> es un proyecto de m\u00fasica coral masculina de voces de contratenor (soprano y contralto), tenores y bajos. Siguiendo un criterio de interpretaci\u00f3n de la m\u00fasica escrita originalmente para este formato, ofrece un repertorio que abarca obras desde los inicios de la polifon\u00eda hasta nuestros d\u00edas.<\/p>\n","protected":false},"excerpt":{"rendered":"El s\u00e1bado 11 de marzo, a las 19:00 horas, el Colegio\u00a0Universitario San Ger\u00f3nimo de La Habana acoger\u00e1 el concierto Migraciones y transmigraciones musicales en el siglo XVIII. Dirigido por el maestro Alberto Sanna, violinista y mujsicologo, el programa del concierto contar\u00e1 con dos formaciones musicales de alto nivel que interpretar\u00e1n obras para coro y orquesta [&hellip;]","protected":false},"author":1,"featured_media":0,"comment_status":"","ping_status":"","sticky":false,"template":"","format":"standard","meta":{"footnotes":""},"tags":[],"class_list":["post-706","post","type-post","status-publish","format-standard","hentry"],"_links":{"self":[{"href":"https:\/\/amblavana.esteri.it\/es\/wp-json\/wp\/v2\/posts\/706","targetHints":{"allow":["GET"]}}],"collection":[{"href":"https:\/\/amblavana.esteri.it\/es\/wp-json\/wp\/v2\/posts"}],"about":[{"href":"https:\/\/amblavana.esteri.it\/es\/wp-json\/wp\/v2\/types\/post"}],"author":[{"embeddable":true,"href":"https:\/\/amblavana.esteri.it\/es\/wp-json\/wp\/v2\/users\/1"}],"replies":[{"embeddable":true,"href":"https:\/\/amblavana.esteri.it\/es\/wp-json\/wp\/v2\/comments?post=706"}],"version-history":[{"count":0,"href":"https:\/\/amblavana.esteri.it\/es\/wp-json\/wp\/v2\/posts\/706\/revisions"}],"wp:attachment":[{"href":"https:\/\/amblavana.esteri.it\/es\/wp-json\/wp\/v2\/media?parent=706"}],"wp:term":[{"taxonomy":"post_tag","embeddable":true,"href":"https:\/\/amblavana.esteri.it\/es\/wp-json\/wp\/v2\/tags?post=706"}],"curies":[{"name":"wp","href":"https:\/\/api.w.org\/{rel}","templated":true}]}}