{"id":697,"date":"2023-03-21T18:04:49","date_gmt":"2023-03-21T22:04:49","guid":{"rendered":"https:\/\/amblavana.esteri.it\/news\/dall_ambasciata\/2023\/03\/formazione-superiore-in-italia-2\/"},"modified":"2023-03-21T18:04:49","modified_gmt":"2023-03-21T22:04:49","slug":"formazione-superiore-in-italia-2","status":"publish","type":"post","link":"https:\/\/amblavana.esteri.it\/es\/news\/dall_ambasciata\/2023\/03\/formazione-superiore-in-italia-2\/","title":{"rendered":"EDUCACI\u00d3N SUPERIOR EN ITALIA PARA ESTUDIANTES INTERNACIONALES: APERTURA DE LA PREINSCRIPCI\u00d3N EN EL PORTAL UNIVERSITALY PARA LA INSCRIPCI\u00d3N DE ESTUDIANTES INTERNACIONALES Y EL RECONOCIMIENTO DE T\u00cdTULOS"},"content":{"rendered":"<p>Se abre la preinscripci\u00f3n a los cursos de estudio en instituciones italianas de ense\u00f1anza superior (universidades, AFAM, SSML) para el a\u00f1o acad\u00e9mico 2023\/2024 a trav\u00e9s del <strong><a href=\"https:\/\/www.universitaly.it\/\">portal Universitaly<\/a><\/strong> del Ministerio de Universidad e Investigaci\u00f3n.<\/p>\n<p>Para orientaci\u00f3n y asistencia sobre el procedimiento de preinscripci\u00f3n:<strong> info@uni-italia.it<\/strong><\/p>\n<p>M\u00e1s informaci\u00f3nes:<\/p>\n<ul>\n<li><a href=\"https:\/\/www.studiare-in-italia.it\/studentistranieri\/\">Estudiantes extranjeros<\/a>\u00a0<a href=\"https:\/\/www.studiare-in-italia.it\/studentistranieri\/\">Studenti Stranieri Miur<\/a><\/li>\n<li><a href=\"https:\/\/www.universitaly.it\/index.php\/students\/stranieri\">Universitaly &#8211; \u00bfEs un estudiante internacional?<\/a><\/li>\n<\/ul>\n","protected":false},"excerpt":{"rendered":"Se abre la preinscripci\u00f3n a los cursos de estudio en instituciones italianas de ense\u00f1anza superior (universidades, AFAM, SSML) para el a\u00f1o acad\u00e9mico 2023\/2024 a trav\u00e9s del portal Universitaly del Ministerio de Universidad e Investigaci\u00f3n. Para orientaci\u00f3n y asistencia sobre el procedimiento de preinscripci\u00f3n: info@uni-italia.it M\u00e1s informaci\u00f3nes: Estudiantes extranjeros\u00a0Studenti Stranieri Miur Universitaly &#8211; \u00bfEs un estudiante [&hellip;]","protected":false},"author":1,"featured_media":0,"comment_status":"","ping_status":"","sticky":false,"template":"","format":"standard","meta":{"footnotes":""},"tags":[],"class_list":["post-697","post","type-post","status-publish","format-standard","hentry"],"_links":{"self":[{"href":"https:\/\/amblavana.esteri.it\/es\/wp-json\/wp\/v2\/posts\/697","targetHints":{"allow":["GET"]}}],"collection":[{"href":"https:\/\/amblavana.esteri.it\/es\/wp-json\/wp\/v2\/posts"}],"about":[{"href":"https:\/\/amblavana.esteri.it\/es\/wp-json\/wp\/v2\/types\/post"}],"author":[{"embeddable":true,"href":"https:\/\/amblavana.esteri.it\/es\/wp-json\/wp\/v2\/users\/1"}],"replies":[{"embeddable":true,"href":"https:\/\/amblavana.esteri.it\/es\/wp-json\/wp\/v2\/comments?post=697"}],"version-history":[{"count":0,"href":"https:\/\/amblavana.esteri.it\/es\/wp-json\/wp\/v2\/posts\/697\/revisions"}],"wp:attachment":[{"href":"https:\/\/amblavana.esteri.it\/es\/wp-json\/wp\/v2\/media?parent=697"}],"wp:term":[{"taxonomy":"post_tag","embeddable":true,"href":"https:\/\/amblavana.esteri.it\/es\/wp-json\/wp\/v2\/tags?post=697"}],"curies":[{"name":"wp","href":"https:\/\/api.w.org\/{rel}","templated":true}]}}