{"id":691,"date":"2023-03-21T20:49:52","date_gmt":"2023-03-22T00:49:52","guid":{"rendered":"https:\/\/amblavana.esteri.it\/news\/dall_ambasciata\/2023\/03\/visita-a-cuba-della-segretaria-2\/"},"modified":"2023-03-21T20:49:52","modified_gmt":"2023-03-22T00:49:52","slug":"visita-a-cuba-della-segretaria-2","status":"publish","type":"post","link":"https:\/\/amblavana.esteri.it\/es\/news\/dall_ambasciata\/2023\/03\/visita-a-cuba-della-segretaria-2\/","title":{"rendered":"VISITA A CUBA DE LA SECRETARIA GENERAL IILA MIN. PLEN. ANTONELLA CAVALLARI (6-14 DE MARZO DE 2023)"},"content":{"rendered":"<p style=\"text-align: justify;\">Del 6 al 14 de marzo tuvo lugar la visita a Cuba de la Secretaria General del Instituto Italo-Latinoamericano (IILA), Min. Plen. Antonella Cavallari, con una densa agenda de encuentros institucionales y de reconocimiento de los diferentes proyectos IILA en curso en el sector de la formaci\u00f3n, conservaci\u00f3n y restauraci\u00f3n del patrimonio cultural.<\/p>\n<p style=\"text-align: justify;\">La Secretaria General mantuvo conversaciones con varios representantes del Gobierno cubano, entre ellos el Ministro de Relaciones Exteriores Bruno Rodr\u00edguez, el Ministro de Cultura Alpidio Alonso, la Viceministra de Comercio e Inversiones Extranjeras Ana Teresita Gonzales, as\u00ed como con representantes de las diferentes instituciones que participan en los proyectos del IILA en Cuba, como la Oficina del Historiador de La Habana.<\/p>\n<p style=\"text-align: justify;\">La Min. Cavallari ha visitado varias iniciativas de conservaci\u00f3n y recuperaci\u00f3n en el centro hist\u00f3rico de la Capital ejecutadas por IILA con la financiaci\u00f3n de la Agencia Italiana de Cooperaci\u00f3n. Entre ellas, el conjunto monumental del antiguo Convento de Santa Clara, objeto de una intervenci\u00f3n que tiene como objetivo la creaci\u00f3n de un centro de formaci\u00f3n a nivel regional sobre los temas de la recuperaci\u00f3n y valorizaci\u00f3n del patrimonio hist\u00f3rico y art\u00edstico, con la participaci\u00f3n de la UNESCO y la UE. La agenda ha incluido tambi\u00e9n el homenaje a la tumba del insigne \u00abHistoriador de la Ciudad\u00bb Eusebio Leal, fallecido en 2020, carism\u00e1tico motor de la rehabilitaci\u00f3n de La Habana Vieja.<br \/>Por \u00faltimo, fuera de La Habana, en las ciudades de Remedios, Cienfuegos y Matanzas, la Secretaria General visit\u00f3 la red de talleres apoyados por IILA, destinados a la formaci\u00f3n de artesanos especializados en la elaboraci\u00f3n y restauraci\u00f3n de la madera, la piedra y el papel.<\/p>\n","protected":false},"excerpt":{"rendered":"Del 6 al 14 de marzo tuvo lugar la visita a Cuba de la Secretaria General del Instituto Italo-Latinoamericano (IILA), Min. Plen. Antonella Cavallari, con una densa agenda de encuentros institucionales y de reconocimiento de los diferentes proyectos IILA en curso en el sector de la formaci\u00f3n, conservaci\u00f3n y restauraci\u00f3n del patrimonio cultural. La Secretaria [&hellip;]","protected":false},"author":1,"featured_media":0,"comment_status":"","ping_status":"","sticky":false,"template":"","format":"standard","meta":{"footnotes":""},"tags":[],"class_list":["post-691","post","type-post","status-publish","format-standard","hentry"],"_links":{"self":[{"href":"https:\/\/amblavana.esteri.it\/es\/wp-json\/wp\/v2\/posts\/691","targetHints":{"allow":["GET"]}}],"collection":[{"href":"https:\/\/amblavana.esteri.it\/es\/wp-json\/wp\/v2\/posts"}],"about":[{"href":"https:\/\/amblavana.esteri.it\/es\/wp-json\/wp\/v2\/types\/post"}],"author":[{"embeddable":true,"href":"https:\/\/amblavana.esteri.it\/es\/wp-json\/wp\/v2\/users\/1"}],"replies":[{"embeddable":true,"href":"https:\/\/amblavana.esteri.it\/es\/wp-json\/wp\/v2\/comments?post=691"}],"version-history":[{"count":0,"href":"https:\/\/amblavana.esteri.it\/es\/wp-json\/wp\/v2\/posts\/691\/revisions"}],"wp:attachment":[{"href":"https:\/\/amblavana.esteri.it\/es\/wp-json\/wp\/v2\/media?parent=691"}],"wp:term":[{"taxonomy":"post_tag","embeddable":true,"href":"https:\/\/amblavana.esteri.it\/es\/wp-json\/wp\/v2\/tags?post=691"}],"curies":[{"name":"wp","href":"https:\/\/api.w.org\/{rel}","templated":true}]}}