{"id":683,"date":"2023-04-12T00:15:10","date_gmt":"2023-04-12T04:15:10","guid":{"rendered":"https:\/\/amblavana.esteri.it\/news\/dall_ambasciata\/2023\/04\/mese-europeo-a-cuba-dal-9-aprile-2\/"},"modified":"2023-04-12T00:15:10","modified_gmt":"2023-04-12T04:15:10","slug":"mese-europeo-a-cuba-dal-9-aprile-2","status":"publish","type":"post","link":"https:\/\/amblavana.esteri.it\/es\/news\/dall_ambasciata\/2023\/04\/mese-europeo-a-cuba-dal-9-aprile-2\/","title":{"rendered":"Mes de Europa en Cuba &#8211; del 9 de abril al 9 de mayo de 2023"},"content":{"rendered":"<p>La Delegaci\u00f3n de la Uni\u00f3n Europea y las Embajadas de los Estados Miembros presentes en Cuba organizan la primera edici\u00f3n del Mes de Europa, del 9 de abril al 9 de mayo de 2023. En esta ocasi\u00f3n ser\u00e1 presentado un variado programa que resalta el patrimonio art\u00edstico y cultural europeo en sus diversas manifestaciones: exposiciones, visitas guiadas, talleres, proyecciones cinematogr\u00e1ficas y conferencias.\u00a0<\/p>\n<p>Durante el transcurso del Mes de Europa la Embajada de Italia propone tres eventos.\u00a0<\/p>\n<p>En calidad de Presidente temporal del Cluster Eunic-Clic en Cuba, la Embajada de Italia tiene adem\u00e1s el honor de presentar 3 eventos adicionales, de los cuales uno ser\u00e1 fuera de La Habana, en la ciudad de Cienfuegos.\u00a0<\/p>\n<p>\u00a1Los esperamos!<\/p>\n<p><a href=\"resource\/doc\/2023\/04\/programma_-_mes_europa_-_italia.pdf\">Programa Italia<\/a><\/p>\n<p><a href=\"resource\/doc\/2023\/04\/programma_-_mes_europa_-_eunic.pdf\">Programa Eunic-Clic<\/a><\/p>\n","protected":false},"excerpt":{"rendered":"La Delegaci\u00f3n de la Uni\u00f3n Europea y las Embajadas de los Estados Miembros presentes en Cuba organizan la primera edici\u00f3n del Mes de Europa, del 9 de abril al 9 de mayo de 2023. En esta ocasi\u00f3n ser\u00e1 presentado un variado programa que resalta el patrimonio art\u00edstico y cultural europeo en sus diversas manifestaciones: exposiciones, [&hellip;]","protected":false},"author":1,"featured_media":0,"comment_status":"","ping_status":"","sticky":false,"template":"","format":"standard","meta":{"footnotes":""},"tags":[],"class_list":["post-683","post","type-post","status-publish","format-standard","hentry"],"_links":{"self":[{"href":"https:\/\/amblavana.esteri.it\/es\/wp-json\/wp\/v2\/posts\/683","targetHints":{"allow":["GET"]}}],"collection":[{"href":"https:\/\/amblavana.esteri.it\/es\/wp-json\/wp\/v2\/posts"}],"about":[{"href":"https:\/\/amblavana.esteri.it\/es\/wp-json\/wp\/v2\/types\/post"}],"author":[{"embeddable":true,"href":"https:\/\/amblavana.esteri.it\/es\/wp-json\/wp\/v2\/users\/1"}],"replies":[{"embeddable":true,"href":"https:\/\/amblavana.esteri.it\/es\/wp-json\/wp\/v2\/comments?post=683"}],"version-history":[{"count":0,"href":"https:\/\/amblavana.esteri.it\/es\/wp-json\/wp\/v2\/posts\/683\/revisions"}],"wp:attachment":[{"href":"https:\/\/amblavana.esteri.it\/es\/wp-json\/wp\/v2\/media?parent=683"}],"wp:term":[{"taxonomy":"post_tag","embeddable":true,"href":"https:\/\/amblavana.esteri.it\/es\/wp-json\/wp\/v2\/tags?post=683"}],"curies":[{"name":"wp","href":"https:\/\/api.w.org\/{rel}","templated":true}]}}