{"id":673,"date":"2023-05-05T14:53:53","date_gmt":"2023-05-05T18:53:53","guid":{"rendered":"https:\/\/amblavana.esteri.it\/news\/dall_ambasciata\/2023\/05\/matricula-para-los-cursos-academicos-2\/"},"modified":"2023-05-05T14:53:53","modified_gmt":"2023-05-05T18:53:53","slug":"matricula-para-los-cursos-academicos-2","status":"publish","type":"post","link":"https:\/\/amblavana.esteri.it\/es\/news\/dall_ambasciata\/2023\/05\/matricula-para-los-cursos-academicos-2\/","title":{"rendered":"Matr\u00edcula para los Cursos Acad\u00e9micos de Formaci\u00f3n Superior para el A\u00f1o Acad\u00e9mico 2023\/2024"},"content":{"rendered":"<p>A partir de hoy y hasta noviembre de 2023 estar\u00e1n abiertas las citas para la solicitud de visado de estudio a trav\u00e9s del portal Prenotami. Ser\u00e1n aceptados s\u00f3lo aquellos estudiantes que posean la regular preinscripci\u00f3n al curso de estudio, efectuada en el portal Universitaly. Se se\u00f1ala que ser\u00e1 necesaria una \u00fanica cita para solicitar la declaraci\u00f3n de valor del t\u00edtulo de estudio y el visado. Se ruega tomar nota de los requisitos para la obtenci\u00f3n del visado en el siguiente link: <a href=\"it\/informazioni_e_servizi\/visti\/\">https:\/\/amblavana.esteri.it\/ambasciata_lavana\/it\/informazioni_e_servizi\/visti\/<\/a>\u00a0<\/p>\n<p>Para orientaci\u00f3n sobre los cursos de estudio y preinscripciones visita el sitio <a href=\"http:\/\/www.universitaly.it\">www.universitaly.it<\/a>\u00a0<\/p>\n","protected":false},"excerpt":{"rendered":"A partir de hoy y hasta noviembre de 2023 estar\u00e1n abiertas las citas para la solicitud de visado de estudio a trav\u00e9s del portal Prenotami. Ser\u00e1n aceptados s\u00f3lo aquellos estudiantes que posean la regular preinscripci\u00f3n al curso de estudio, efectuada en el portal Universitaly. Se se\u00f1ala que ser\u00e1 necesaria una \u00fanica cita para solicitar la [&hellip;]","protected":false},"author":1,"featured_media":0,"comment_status":"","ping_status":"","sticky":false,"template":"","format":"standard","meta":{"footnotes":""},"tags":[],"class_list":["post-673","post","type-post","status-publish","format-standard","hentry"],"_links":{"self":[{"href":"https:\/\/amblavana.esteri.it\/es\/wp-json\/wp\/v2\/posts\/673","targetHints":{"allow":["GET"]}}],"collection":[{"href":"https:\/\/amblavana.esteri.it\/es\/wp-json\/wp\/v2\/posts"}],"about":[{"href":"https:\/\/amblavana.esteri.it\/es\/wp-json\/wp\/v2\/types\/post"}],"author":[{"embeddable":true,"href":"https:\/\/amblavana.esteri.it\/es\/wp-json\/wp\/v2\/users\/1"}],"replies":[{"embeddable":true,"href":"https:\/\/amblavana.esteri.it\/es\/wp-json\/wp\/v2\/comments?post=673"}],"version-history":[{"count":0,"href":"https:\/\/amblavana.esteri.it\/es\/wp-json\/wp\/v2\/posts\/673\/revisions"}],"wp:attachment":[{"href":"https:\/\/amblavana.esteri.it\/es\/wp-json\/wp\/v2\/media?parent=673"}],"wp:term":[{"taxonomy":"post_tag","embeddable":true,"href":"https:\/\/amblavana.esteri.it\/es\/wp-json\/wp\/v2\/tags?post=673"}],"curies":[{"name":"wp","href":"https:\/\/api.w.org\/{rel}","templated":true}]}}