{"id":667,"date":"2023-05-05T22:05:38","date_gmt":"2023-05-06T02:05:38","guid":{"rendered":"https:\/\/amblavana.esteri.it\/news\/dall_ambasciata\/2023\/05\/novita-visti-2\/"},"modified":"2023-05-05T22:05:38","modified_gmt":"2023-05-06T02:05:38","slug":"novita-visti-2","status":"publish","type":"post","link":"https:\/\/amblavana.esteri.it\/es\/news\/dall_ambasciata\/2023\/05\/novita-visti-2\/","title":{"rendered":"NOVEDAD VISADO"},"content":{"rendered":"<p>Debido a algunas se\u00f1alaciones de nuestros usuarios, hemos activado una direcci\u00f3n de correo electr\u00f3nico (ambavana.familiariUE@esteri.it) para las solicitudes de visado de familiares de ciudadanos italianos ex art. 2 D.Lgs. 30\/2007 (solo c\u00f3nyuges, padres, hijos, suegros) en caso de presentar problemas para agendar una cita en el portal <a href=\"mailto:Prenot@mi\">Prenot@mi<\/a>.\u00a0El directo interesado (o el familiar que formula la invitaci\u00f3n, ciudadano italiano\/europeo residente en Italia) podr\u00e1 se\u00f1alar a esta direcci\u00f3n eventuales dificultades para reservar la cita solicitada. Ser\u00e1 necesario especificar:<\/p>\n<p>\u00b7 Nombre del solicitante de visado<\/p>\n<p>\u00b7 Nombre del familiar italiano invitante<\/p>\n<p>\u00b7 V\u00ednculo familiar<\/p>\n<p>\u00b7 N\u00famero de pasaporte de ambos<\/p>\n<p>\u00b7 Direcci\u00f3n de correo electr\u00f3nico utilizado para reservar el servicio en <a href=\"mailto:Prenot@mi\">Prenot@mi<\/a>\u00a0<\/p>\n<p>La se\u00f1alaci\u00f3n concluir\u00e1 en una lista de espera gestionada por el personal de la Canciller\u00eda Consular para reservas de servicio. Se se\u00f1ala que se verificar\u00e1 la efectiva prolongada dificultad del usuario en agendar una cita a trav\u00e9s del portal. Se reitera que tal se\u00f1alaci\u00f3n por parte del usuario no substituye la reserva a efectuarse con <a href=\"mailto:Prenot@mi\">Prenot@mi<\/a>\u00a0 sino que representa un instrumento adicional de apoyo a los solicitantes de visado. Por este motivo, debido a la significativa demanda, no es posible identificar un tiempo m\u00e1ximo de espera entre el env\u00edo del email y la fecha de la cita a fijar.<\/p>\n","protected":false},"excerpt":{"rendered":"Debido a algunas se\u00f1alaciones de nuestros usuarios, hemos activado una direcci\u00f3n de correo electr\u00f3nico (ambavana.familiariUE@esteri.it) para las solicitudes de visado de familiares de ciudadanos italianos ex art. 2 D.Lgs. 30\/2007 (solo c\u00f3nyuges, padres, hijos, suegros) en caso de presentar problemas para agendar una cita en el portal Prenot@mi.\u00a0El directo interesado (o el familiar que formula [&hellip;]","protected":false},"author":1,"featured_media":0,"comment_status":"","ping_status":"","sticky":false,"template":"","format":"standard","meta":{"footnotes":""},"tags":[],"class_list":["post-667","post","type-post","status-publish","format-standard","hentry"],"_links":{"self":[{"href":"https:\/\/amblavana.esteri.it\/es\/wp-json\/wp\/v2\/posts\/667","targetHints":{"allow":["GET"]}}],"collection":[{"href":"https:\/\/amblavana.esteri.it\/es\/wp-json\/wp\/v2\/posts"}],"about":[{"href":"https:\/\/amblavana.esteri.it\/es\/wp-json\/wp\/v2\/types\/post"}],"author":[{"embeddable":true,"href":"https:\/\/amblavana.esteri.it\/es\/wp-json\/wp\/v2\/users\/1"}],"replies":[{"embeddable":true,"href":"https:\/\/amblavana.esteri.it\/es\/wp-json\/wp\/v2\/comments?post=667"}],"version-history":[{"count":0,"href":"https:\/\/amblavana.esteri.it\/es\/wp-json\/wp\/v2\/posts\/667\/revisions"}],"wp:attachment":[{"href":"https:\/\/amblavana.esteri.it\/es\/wp-json\/wp\/v2\/media?parent=667"}],"wp:term":[{"taxonomy":"post_tag","embeddable":true,"href":"https:\/\/amblavana.esteri.it\/es\/wp-json\/wp\/v2\/tags?post=667"}],"curies":[{"name":"wp","href":"https:\/\/api.w.org\/{rel}","templated":true}]}}