{"id":657,"date":"2023-05-09T18:36:33","date_gmt":"2023-05-09T22:36:33","guid":{"rendered":"https:\/\/amblavana.esteri.it\/news\/dall_ambasciata\/2023\/05\/v-edizione-del-premio-vivo-d-arte-2\/"},"modified":"2023-05-09T18:36:33","modified_gmt":"2023-05-09T22:36:33","slug":"v-edizione-del-premio-vivo-d-arte-2","status":"publish","type":"post","link":"https:\/\/amblavana.esteri.it\/es\/news\/dall_ambasciata\/2023\/05\/v-edizione-del-premio-vivo-d-arte-2\/","title":{"rendered":"V EDICI\u00d3N DEL PREMIO &#8216;VIVO D&#8217;ARTE&#8217; PARA ARTISTAS DE NACIONALIDAD ITALIANA CON RESIDENCIA PERMANENTE EN EL EXTRANJERO"},"content":{"rendered":"<p style=\"text-align: justify;\">El Ministerio de Asuntos Exteriores y de Cooperaci\u00f3n Internacional (MAECI), en colaboraci\u00f3n con la Fondazione Romaeuropa, convoca la <strong>quinta edici\u00f3n del Premio \u00abVivo d&#8217;Arte\u00bb &#8211; Artes Esc\u00e9nicas<\/strong>, un concurso-premio <strong>para j\u00f3venes artistas (menores de 36 a\u00f1os) de nacionalidad italiana con residencia permanente en el extranjero<\/strong>, en las disciplinas de teatro, m\u00fasica y danza contempor\u00e1neos.<\/p>\n<p style=\"text-align: justify;\">La iniciativa pretende valorizar, en clave contempor\u00e1nea, dos rasgos distintivos de Italia en el mundo: su creatividad y la capacidad de sus artistas para expresarse fuera de las fronteras nacionales. Se valorar\u00e1n especialmente las obras resultantes de la colaboraci\u00f3n entre artistas italianos en el extranjero y el tejido cultural de los pa\u00edses de acogida y capaces de integrar al m\u00e1ximo las disciplinas de la m\u00fasica, el teatro y la danza.<\/p>\n<p style=\"text-align: justify;\">El proyecto ganador se representar\u00e1 en estreno nacional durante la pr\u00f3xima edici\u00f3n del Festival Romaeuropa, que se celebrar\u00e1 en Roma del 6 de septiembre al 19 de noviembre de 2023.<\/p>\n<p style=\"text-align: justify;\">El plazo para la recepci\u00f3n de candidaturas finaliza a las <strong>23:59 (hora italiana) del 18 de junio de 2023<\/strong>.<\/p>\n<p style=\"text-align: justify;\">\u00a0<\/p>\n<p style=\"text-align: justify;\">Las modalidades de env\u00edo de las solicitudes se indican en el Reglamento disponible en el\u00a0<span style=\"text-decoration: underline;\"><strong><a href=\"resource\/doc\/2023\/05\/regolamento-vivo-darte-2023.pdf\">anexo.<\/a><a href=\"resource\/doc\/2023\/05\/regolamento-vivo-darte-2023.pdf\"><br \/><\/a><\/strong><\/span><\/p>\n","protected":false},"excerpt":{"rendered":"El Ministerio de Asuntos Exteriores y de Cooperaci\u00f3n Internacional (MAECI), en colaboraci\u00f3n con la Fondazione Romaeuropa, convoca la quinta edici\u00f3n del Premio \u00abVivo d&#8217;Arte\u00bb &#8211; Artes Esc\u00e9nicas, un concurso-premio para j\u00f3venes artistas (menores de 36 a\u00f1os) de nacionalidad italiana con residencia permanente en el extranjero, en las disciplinas de teatro, m\u00fasica y danza contempor\u00e1neos. La [&hellip;]","protected":false},"author":1,"featured_media":0,"comment_status":"","ping_status":"","sticky":false,"template":"","format":"standard","meta":{"footnotes":""},"tags":[],"class_list":["post-657","post","type-post","status-publish","format-standard","hentry"],"_links":{"self":[{"href":"https:\/\/amblavana.esteri.it\/es\/wp-json\/wp\/v2\/posts\/657","targetHints":{"allow":["GET"]}}],"collection":[{"href":"https:\/\/amblavana.esteri.it\/es\/wp-json\/wp\/v2\/posts"}],"about":[{"href":"https:\/\/amblavana.esteri.it\/es\/wp-json\/wp\/v2\/types\/post"}],"author":[{"embeddable":true,"href":"https:\/\/amblavana.esteri.it\/es\/wp-json\/wp\/v2\/users\/1"}],"replies":[{"embeddable":true,"href":"https:\/\/amblavana.esteri.it\/es\/wp-json\/wp\/v2\/comments?post=657"}],"version-history":[{"count":0,"href":"https:\/\/amblavana.esteri.it\/es\/wp-json\/wp\/v2\/posts\/657\/revisions"}],"wp:attachment":[{"href":"https:\/\/amblavana.esteri.it\/es\/wp-json\/wp\/v2\/media?parent=657"}],"wp:term":[{"taxonomy":"post_tag","embeddable":true,"href":"https:\/\/amblavana.esteri.it\/es\/wp-json\/wp\/v2\/tags?post=657"}],"curies":[{"name":"wp","href":"https:\/\/api.w.org\/{rel}","templated":true}]}}