{"id":651,"date":"2023-05-10T19:24:50","date_gmt":"2023-05-10T23:24:50","guid":{"rendered":"https:\/\/amblavana.esteri.it\/news\/dall_ambasciata\/2023\/05\/contributi-per-missioni-di-studio-2\/"},"modified":"2023-05-10T19:24:50","modified_gmt":"2023-05-10T23:24:50","slug":"contributi-per-missioni-di-studio-2","status":"publish","type":"post","link":"https:\/\/amblavana.esteri.it\/es\/news\/dall_ambasciata\/2023\/05\/contributi-per-missioni-di-studio-2\/","title":{"rendered":"CONTRIBUCIONES FINANCIERAS PARA MISIONES DE ESTUDIO E INVESTIGACI\u00d3N 2023"},"content":{"rendered":"<p style=\"text-align: justify;\">El Ministerio de Asuntos Exteriores y Cooperaci\u00f3n Internacional apoya e incentiva la realizaci\u00f3n de <strong>misiones en el extranjero y en Italia, por parte de investigadores, profesores, expertos, personalidades y operadores culturales italianos y extranjeros<\/strong>, respectivamente. El objetivo principal de la financiaci\u00f3n es favorecer el desarrollo de asociaciones estrat\u00e9gicas, proyectos culturales y cient\u00edficos entre instituciones extranjeras e italianas a medio y largo plazo.<\/p>\n<p style=\"text-align: justify;\">\u00a0<\/p>\n<p style=\"text-align: justify;\"><strong><span style=\"text-decoration: underline;\">A qui\u00e9n est\u00e1 dirigida<\/span><\/strong><\/p>\n<p style=\"text-align: justify;\">Podr\u00e1n solicitar una contribuci\u00f3n para la realizaci\u00f3n de misiones:<\/p>\n<ul style=\"text-align: justify;\">\n<li><strong>Investigadores, profesores, expertos, personalidades y operadores culturales cubanos<\/strong> invitados a pasar un per\u00edodo de permanencia en instituciones universitarias o culturales italianas por motivos de estudio o de investigaci\u00f3n. <strong>La contribuci\u00f3n econ\u00f3mica<\/strong> para la cobertura parcial de los gastos de estancia se abona a tanto alzado (por un importe m\u00e1ximo de 906 euros equivalente a la cobertura de 8 d\u00edas de actividad en Italia).<\/li>\n<li><strong>Investigadores, profesores, expertos, personalidades y operadores culturales italianos<\/strong> invitados a pasar un per\u00edodo de permanencia en instituciones universitarias o culturales cubanas por motivos de estudio o de investigaci\u00f3n. <strong>La contribuci\u00f3n econ\u00f3mica<\/strong> se concede exclusivamente para cubrir parcialmente (80 %) los gastos de viaje.<\/li>\n<\/ul>\n<p style=\"text-align: justify;\">\u00a0<\/p>\n<p style=\"text-align: justify;\"><strong><span style=\"text-decoration: underline;\">C\u00f3mo solicitar la contribuci\u00f3n<\/span><\/strong><\/p>\n<p style=\"text-align: justify;\">Los interesados pueden presentar la solicitud de ayuda, redactada seg\u00fan los esquemas adjuntos, junto a la documentaci\u00f3n requerida, a la Embajada de Italia en La Habana <strong>commerciale.ambavana@esteri.it<\/strong>. Las contribuciones se efectuar\u00e1n tras la evaluaci\u00f3n efectuada por la Embajada de Italia en La Habana y por las oficinas centrales competentes, seg\u00fan los siguientes criterios:<\/p>\n<ul style=\"text-align: justify;\">\n<li>curr\u00edculum del solicitante;<\/li>\n<li>posibles repercusiones a medio y largo plazo de la misi\u00f3n en t\u00e9rminos de desarrollo de proyectos culturales o cient\u00edficos y asociaciones entre instituciones italianas y cubanas;<\/li>\n<li>el prestigio de las instituciones culturales implicadas;<\/li>\n<li>principio de rotaci\u00f3n entre los beneficiarios de las ayudas;<\/li>\n<li>la conformidad de la misi\u00f3n con las prioridades geogr\u00e1ficas y tem\u00e1ticas definidas por la Direcci\u00f3n General de Diplomacia P\u00fablica y Cultural;<\/li>\n<li>la existencia de un programa ejecutivo de cooperaci\u00f3n cultural entre Italia y Cuba.<\/li>\n<\/ul>\n<p style=\"text-align: justify;\">\u00a0<\/p>\n<p style=\"text-align: justify;\"><strong><span style=\"text-decoration: underline;\">Informaci\u00f3n y plazos<\/span><\/strong><\/p>\n<p style=\"text-align: justify;\">Los formularios de solicitud de ayuda figuran en el anexo. Las misiones deber\u00e1n concluir <strong>a m\u00e1s tardar el 14 de noviembre de 2023<\/strong>, fecha l\u00edmite en la que los candidatos deber\u00e1n enviar la documentaci\u00f3n a la Embajada de Italia en La Habana commerciale.ambavana@esteri.it<br \/>Para m\u00e1s informaci\u00f3n, se recomienda contactar con la Embajada de Italia en La Habana a la direcci\u00f3n de correo electr\u00f3nico indicada anteriormente.<\/p>\n<p style=\"text-align: justify;\">\u00a0<\/p>\n<p style=\"text-align: justify;\"><strong>El pago de la contribuci\u00f3n se efectuar\u00e1 una vez finalizada la misi\u00f3n, previa entrega de la documentaci\u00f3n necesaria. En particular, los beneficiarios italianos recibir\u00e1n el importe de la beca directamente por parte la Oficina III de la DGDP del MAECI, mientras que los beneficiarios cubanos recibir\u00e1n la subvenci\u00f3n a trav\u00e9s de la Embajada de Italia en La Habana.<\/strong><\/p>\n","protected":false},"excerpt":{"rendered":"El Ministerio de Asuntos Exteriores y Cooperaci\u00f3n Internacional apoya e incentiva la realizaci\u00f3n de misiones en el extranjero y en Italia, por parte de investigadores, profesores, expertos, personalidades y operadores culturales italianos y extranjeros, respectivamente. El objetivo principal de la financiaci\u00f3n es favorecer el desarrollo de asociaciones estrat\u00e9gicas, proyectos culturales y cient\u00edficos entre instituciones extranjeras [&hellip;]","protected":false},"author":1,"featured_media":0,"comment_status":"","ping_status":"","sticky":false,"template":"","format":"standard","meta":{"footnotes":""},"tags":[],"class_list":["post-651","post","type-post","status-publish","format-standard","hentry"],"_links":{"self":[{"href":"https:\/\/amblavana.esteri.it\/es\/wp-json\/wp\/v2\/posts\/651","targetHints":{"allow":["GET"]}}],"collection":[{"href":"https:\/\/amblavana.esteri.it\/es\/wp-json\/wp\/v2\/posts"}],"about":[{"href":"https:\/\/amblavana.esteri.it\/es\/wp-json\/wp\/v2\/types\/post"}],"author":[{"embeddable":true,"href":"https:\/\/amblavana.esteri.it\/es\/wp-json\/wp\/v2\/users\/1"}],"replies":[{"embeddable":true,"href":"https:\/\/amblavana.esteri.it\/es\/wp-json\/wp\/v2\/comments?post=651"}],"version-history":[{"count":0,"href":"https:\/\/amblavana.esteri.it\/es\/wp-json\/wp\/v2\/posts\/651\/revisions"}],"wp:attachment":[{"href":"https:\/\/amblavana.esteri.it\/es\/wp-json\/wp\/v2\/media?parent=651"}],"wp:term":[{"taxonomy":"post_tag","embeddable":true,"href":"https:\/\/amblavana.esteri.it\/es\/wp-json\/wp\/v2\/tags?post=651"}],"curies":[{"name":"wp","href":"https:\/\/api.w.org\/{rel}","templated":true}]}}