{"id":647,"date":"2023-05-29T23:00:43","date_gmt":"2023-05-30T03:00:43","guid":{"rendered":"https:\/\/amblavana.esteri.it\/news\/dall_ambasciata\/2023\/05\/novita-servizio-visti-2\/"},"modified":"2023-05-29T23:00:43","modified_gmt":"2023-05-30T03:00:43","slug":"novita-servizio-visti-2","status":"publish","type":"post","link":"https:\/\/amblavana.esteri.it\/es\/news\/dall_ambasciata\/2023\/05\/novita-servizio-visti-2\/","title":{"rendered":"Novedades en el Servicio de Visado"},"content":{"rendered":"<p>A partir de hoy est\u00e1n disponibles las versiones actualizadas de los servicios de visados en el portal Prenot@mi: Visado para Familiares de Ciudadanos italianos\/UE (hasta el segundo grado de parentesco) y Todas las tipolog\u00edas de Visado. Las citas reservadas con los nuevos servicios ser\u00e1n programadas a partir del 3 de julio de 2023. Respecto al pasado, fueron eliminadas las listas de espera y fue establecido un calendario m\u00e1s largo.<\/p>\n<p>Al primer servicio solo podr\u00e1n acceder los familiares hasta el segundo grado de ciudadanos italianos\/europeos residentes en Italia (c\u00f3nyuges, hijos, padres, suegros, abuelos, nietos, hermanos). Todos los dem\u00e1s solicitantes podr\u00e1n acceder al servicio Todas las tipolog\u00edas de Visado.<\/p>\n<p>Cada semana, de domingo a jueves a las 23:30, se liberar\u00e1n diariamente nuevas disponibilidades para ambos servicios.<\/p>\n","protected":false},"excerpt":{"rendered":"A partir de hoy est\u00e1n disponibles las versiones actualizadas de los servicios de visados en el portal Prenot@mi: Visado para Familiares de Ciudadanos italianos\/UE (hasta el segundo grado de parentesco) y Todas las tipolog\u00edas de Visado. Las citas reservadas con los nuevos servicios ser\u00e1n programadas a partir del 3 de julio de 2023. Respecto al [&hellip;]","protected":false},"author":1,"featured_media":0,"comment_status":"","ping_status":"","sticky":false,"template":"","format":"standard","meta":{"footnotes":""},"tags":[],"class_list":["post-647","post","type-post","status-publish","format-standard","hentry"],"_links":{"self":[{"href":"https:\/\/amblavana.esteri.it\/es\/wp-json\/wp\/v2\/posts\/647","targetHints":{"allow":["GET"]}}],"collection":[{"href":"https:\/\/amblavana.esteri.it\/es\/wp-json\/wp\/v2\/posts"}],"about":[{"href":"https:\/\/amblavana.esteri.it\/es\/wp-json\/wp\/v2\/types\/post"}],"author":[{"embeddable":true,"href":"https:\/\/amblavana.esteri.it\/es\/wp-json\/wp\/v2\/users\/1"}],"replies":[{"embeddable":true,"href":"https:\/\/amblavana.esteri.it\/es\/wp-json\/wp\/v2\/comments?post=647"}],"version-history":[{"count":0,"href":"https:\/\/amblavana.esteri.it\/es\/wp-json\/wp\/v2\/posts\/647\/revisions"}],"wp:attachment":[{"href":"https:\/\/amblavana.esteri.it\/es\/wp-json\/wp\/v2\/media?parent=647"}],"wp:term":[{"taxonomy":"post_tag","embeddable":true,"href":"https:\/\/amblavana.esteri.it\/es\/wp-json\/wp\/v2\/tags?post=647"}],"curies":[{"name":"wp","href":"https:\/\/api.w.org\/{rel}","templated":true}]}}