{"id":641,"date":"2023-06-02T01:22:54","date_gmt":"2023-06-02T05:22:54","guid":{"rendered":"https:\/\/amblavana.esteri.it\/news\/dall_ambasciata\/2023\/06\/consegna-dell-onorificenza-di-ufficiale-2\/"},"modified":"2023-06-02T01:22:54","modified_gmt":"2023-06-02T05:22:54","slug":"consegna-dell-onorificenza-di-ufficiale-2","status":"publish","type":"post","link":"https:\/\/amblavana.esteri.it\/es\/news\/dall_ambasciata\/2023\/06\/consegna-dell-onorificenza-di-ufficiale-2\/","title":{"rendered":"ENTREGA DE LA CONDECORACI\u00d3N DE LA ORDEN DE LA ESTRELLA DE ITALIA EN EL GRADO DE OFICIAL A JORGE FERN\u00c1NDEZ"},"content":{"rendered":"<p>DISCURSO PRONUNCIADO POR EL EMB. ROBERTO VELLANO EN OCASI\u00d3N DE LA ENTREGA DE LA CONDECORACI\u00d3N DE LA ORDEN DE LA ESTRELLA DE ITALIA EN GRADO DE OFICIAL A JORGE FERNANDEZ<\/p>\n<p>\u00a0<\/p>\n<p>La Habana, Museo Nacional de Bellas Artes, 1\u00b0 de Junio 2023<\/p>\n<p>\u00a0<\/p>\n<p>La condecoraci\u00f3n que se otorga hoy al Director de este maravilloso Museo Nacional de Bellas Artes, Jorge Fern\u00e1ndez Torres, es ante todo el reconocimiento de una labor y de una trayectoria profesional de muchos a\u00f1os, que lo ha llevado a recorrer los vastos territorios nacionales e internacionales del arte contempor\u00e1neo de Europa y de Am\u00e9rica. Un viaje en el que los contactos, los encuentros, las colaboraciones con Italia fueron numerosos y jugaron un papel fundamental en su actividad de destacado cr\u00edtico de arte y de gestor de prestigiosas instituciones culturales.<\/p>\n<p>Jorge\u00a0Fern\u00e1ndez conoci\u00f3 en los a\u00f1os de su formaci\u00f3n a los arquitectos que colaboraron en la realizaci\u00f3n de ese extraordinario proyecto que fueron las escuelas de arte de Cubanacan, hoy sede del ISA, donde Jorge ha sido profesor y Vicerrector. Proyecto visionario, ic\u00f3nico, referente en la historia de la arquitectura del Siglo XX y objeto en los \u00faltimos tiempos de una compleja restauraci\u00f3n apoyada por la cooperaci\u00f3n italiana. Me refiero particularmente a los dos arquitectos italianos Roberto Gottardi y Vittorio Garatti. Con este \u00faltimo especialmente, Jorge entabl\u00f3, seg\u00fan me cont\u00f3 \u00e9l mismo, una profunda amistad y, siendo director del Centro de arte contempor\u00e1neo Wifredo Lam, organiz\u00f3 en 2014 una exposici\u00f3n sobre su obra, la m\u00e1s importante de siempre sobre el legado cultural del arquitecto italiano.<\/p>\n<p>Wifredo Lam, como todos sabemos, es una figura de referencia para el arte del Siglo XX, no solo cubano, y pas\u00f3 las ultimas d\u00e9cadas de su vida prevalentemente en Italia, en el pueblo mar\u00edtimo de Albissola, famoso por sus cer\u00e1micas art\u00edsticas. Para alguien que dirigi\u00f3 durante muchos a\u00f1os el Centro Wifredo Lam y dos ediciones de la Bienal de la Habana, la conexi\u00f3n con el grande maestro del Siglo XX y, a trav\u00e9s de \u00e9l, con Italia es otro dato imprescindible y no es casualidad que Jorge quiso celebrar el acto de hoy en esta sala.<\/p>\n<p>Otros artistas que forjaron su relaci\u00f3n cultural y profesional con Italia fueron algunos maestros del movimiento del \u201cArte povera\u201d, como Jannis Kounellis y Michelangelo Pistoletto. Este \u00faltimo es tan pr\u00f3ximo a Cuba que, a partir de su participaci\u00f3n en la XII Bienal de La Habana, viaj\u00f3 varias veces a la Isla y cuid\u00f3 personalmente el desarrollo aqu\u00ed de su proyecto \u201cTercer Para\u00edso\u201d. Un proyecto, por cierto, que tiene un importante contenido social y art\u00edstico, apoyado por otro socio fundamental de esta hermandad art\u00edstica entre Cuba e Italia, Galleria Continua.<\/p>\n<p>A lo largo de los a\u00f1os, Fern\u00e1ndez ha apoyado con convicci\u00f3n y compromiso las actividades de Galleria Continua y del Tercer Para\u00edso en Cuba, as\u00ed como la participaci\u00f3n de artistas italianos en la Bienal. Con el objetivo declarado de \u00abapoyar un arte que fuera accesible a todos\u00bb, hizo posible la participaci\u00f3n de los artistas italianos Gino Marotta y Renato Mambor, adem\u00e1s del propio Pistoletto. Incluso el a\u00f1o pasado Jorge apoy\u00f3 la participaci\u00f3n del proyecto \u00abVoices of Life\u00bb, de Piero Mottola, en la \u00faltima edici\u00f3n de la Bienal y brind\u00f3 a la instalaci\u00f3n del artista italiano el prestigioso espacio de la sede de arte universal de este museo.<\/p>\n<p>Jorge Fern\u00e1ndez no solo apoy\u00f3 el desarrollo de la cultura italiana en Cuba, sino que tambi\u00e9n tuvo un papel fundamental en la difusi\u00f3n del arte contempor\u00e1neo cubano en Italia. En este \u00e1mbito, consigui\u00f3 con extraordinaria determinaci\u00f3n que Cuba volviese a la Bienal de Venecia y a la Triennale de Mil\u00e1n, curando los pabellones cubanos en esas importantes manifestaciones.<\/p>\n<p>Tampoco quiero olvidar las fructuosas relaciones de Jorge con otras fundaciones e instituciones italianas como la Accademia delle Belle Arti di Brera, el Polit\u00e9cnico di Milano, el Premio \u201cBugatti Segantini\u201d y el Bice Bugatti Club, el MAXXI de Roma, la Fondazione Rossi y la casa editorial Maretti-Manfredi.<\/p>\n<p>Esta condecoraci\u00f3n es por lo tanto al mismo tiempo un reconocimiento y un auspicio para seguir trabajando y profundizando en esta relaci\u00f3n art\u00edstica desde Cuba hacia Italia y viceversa. Pienso en artistas contempor\u00e1neos que podamos traer aqu\u00ed y tambi\u00e9n en las colecciones de arte cl\u00e1sico que alberga el Museo \u2013 me refiero sobre todo a la secci\u00f3n de Arte italiano en el edificio de Arte Universal y a la importante colecci\u00f3n de grabados de Piranesi \u2013 donde estamos trabajando para fomentar colaboraciones con la red de Museos italianos y con nuestro Ministerio de Cultura.<\/p>\n","protected":false},"excerpt":{"rendered":"DISCURSO PRONUNCIADO POR EL EMB. ROBERTO VELLANO EN OCASI\u00d3N DE LA ENTREGA DE LA CONDECORACI\u00d3N DE LA ORDEN DE LA ESTRELLA DE ITALIA EN GRADO DE OFICIAL A JORGE FERNANDEZ \u00a0 La Habana, Museo Nacional de Bellas Artes, 1\u00b0 de Junio 2023 \u00a0 La condecoraci\u00f3n que se otorga hoy al Director de este maravilloso Museo [&hellip;]","protected":false},"author":1,"featured_media":0,"comment_status":"","ping_status":"","sticky":false,"template":"","format":"standard","meta":{"footnotes":""},"tags":[],"class_list":["post-641","post","type-post","status-publish","format-standard","hentry"],"_links":{"self":[{"href":"https:\/\/amblavana.esteri.it\/es\/wp-json\/wp\/v2\/posts\/641","targetHints":{"allow":["GET"]}}],"collection":[{"href":"https:\/\/amblavana.esteri.it\/es\/wp-json\/wp\/v2\/posts"}],"about":[{"href":"https:\/\/amblavana.esteri.it\/es\/wp-json\/wp\/v2\/types\/post"}],"author":[{"embeddable":true,"href":"https:\/\/amblavana.esteri.it\/es\/wp-json\/wp\/v2\/users\/1"}],"replies":[{"embeddable":true,"href":"https:\/\/amblavana.esteri.it\/es\/wp-json\/wp\/v2\/comments?post=641"}],"version-history":[{"count":0,"href":"https:\/\/amblavana.esteri.it\/es\/wp-json\/wp\/v2\/posts\/641\/revisions"}],"wp:attachment":[{"href":"https:\/\/amblavana.esteri.it\/es\/wp-json\/wp\/v2\/media?parent=641"}],"wp:term":[{"taxonomy":"post_tag","embeddable":true,"href":"https:\/\/amblavana.esteri.it\/es\/wp-json\/wp\/v2\/tags?post=641"}],"curies":[{"name":"wp","href":"https:\/\/api.w.org\/{rel}","templated":true}]}}