{"id":634,"date":"2023-06-30T18:29:04","date_gmt":"2023-06-30T22:29:04","guid":{"rendered":"https:\/\/amblavana.esteri.it\/news\/dall_ambasciata\/2023\/06\/avviso-per-la-raccolta-di-manifestazioni_0-2\/"},"modified":"2023-06-30T18:29:04","modified_gmt":"2023-06-30T22:29:04","slug":"avviso-per-la-raccolta-di-manifestazioni_0-2","status":"publish","type":"post","link":"https:\/\/amblavana.esteri.it\/es\/news\/dall_ambasciata\/2023\/06\/avviso-per-la-raccolta-di-manifestazioni_0-2\/","title":{"rendered":"ANUNCIO PARA LA OBTENCION DE MANIFESTACIONES DE INTER\u00c9S EN MATERIA DE PATROCINIO"},"content":{"rendered":"<p>La Embajada de Italia en La Habana, en el marco de las actividades institucionales para la promoci\u00f3n de la cultura y la lengua italiana en Cuba, con el presente anuncio p\u00fablico pretende proceder a la b\u00fasqueda de patrocinios para la organizaci\u00f3n de actos culturales (conciertos, exposiciones, conferencias, cine, espect\u00e1culos, etc.) a realizarse en el curso de la XXV edici\u00f3n de la Semana de la Cultura Italiana en Cuba (20 &#8211; 26 noviembre) y en el marco de las celebraciones del nacimiento de Italo Calvino en Cuba (12 &#8211; 15 octubre), as\u00ed como otros eventos culturales programables en el 2024.<\/p>\n<p>A los sujetos individuados como patrocinadores, la Embajada garantiza, en l\u00ednea general y en un orden que tiene en cuenta el alcance del patrocinio, un retorno de imagen mediante la posibilidad de transmitir su logotipo\/marca en las campa\u00f1as de comunicaci\u00f3n (programas, manifestos, anuncios por Internet, post en redes sociales, etc.) y con ocasi\u00f3n de los eventos.<\/p>\n<p>La colaboraci\u00f3n con la Embajada puede ser ofrecida a trav\u00e9s de patrocinios financieros (en forma de erogaciones monetarias) y\/o t\u00e9cnicos (prestaci\u00f3n directa de servicios o suministro de bienes). Los operadores interesados en contribuir a la realizaci\u00f3n de los actos, en la forma y por el importe deseado, ser\u00e1n informados de las iniciativas en fase de programaci\u00f3n, y podr\u00e1n decidir patrocinar uno o m\u00e1s eventos espec\u00edficos o contribuir de forma generalizada a toda la programaci\u00f3n. Los operadores interesados deber\u00e1n concluir con la Embajada un contrato de patrocinio.<\/p>\n<p>Se puede comunicar la disponibilidad a la siguiente direcci\u00f3n de correo electr\u00f3nico: amm.ambavana@esteri.it. Los operadores que hayan manifestado inter\u00e9s podr\u00e1n ser contactados para negociar libremente, en el respeto de los principios de imparcialidad e igualdad de tratamiento previstos en el art. 19 de D. Lgs 50\/16, los t\u00e9rminos del contrato de patrocinio.<\/p>\n<p>La Embajada se reserva el derecho de rechazar cualquier oferta de patrocinio de la que pueda derivarse un conflicto de intereses, que pueda perjudicar la imagen y la actividad de esta Sede, que sea contraria a los principios generales del ordenamiento jur\u00eddico italiano o est\u00e9 prohibida por la ley, o en todo caso recibida por personas que no dispongan de la capacidad de contratar con la Administraci\u00f3n P\u00fablica.<\/p>\n<p>El presente aviso constituye un estudio de mercado destinado a orientar las actividades de la Embajada en materia de patrocinio y no compromete en modo alguno a la Embajada a asumir obligaciones o a celebrar contratos con quienes hayan manifestado inter\u00e9s.<\/p>\n<p>La fecha l\u00edmite para la presentaci\u00f3n de manifestaciones de inter\u00e9s es el 31 de agosto de 2023, a las 12.00 horas locales.<\/p>\n<p>\u00a0<\/p>\n<p>La Habana, 30 de Julio 2023<\/p>\n","protected":false},"excerpt":{"rendered":"La Embajada de Italia en La Habana, en el marco de las actividades institucionales para la promoci\u00f3n de la cultura y la lengua italiana en Cuba, con el presente anuncio p\u00fablico pretende proceder a la b\u00fasqueda de patrocinios para la organizaci\u00f3n de actos culturales (conciertos, exposiciones, conferencias, cine, espect\u00e1culos, etc.) a realizarse en el curso [&hellip;]","protected":false},"author":1,"featured_media":0,"comment_status":"","ping_status":"","sticky":false,"template":"","format":"standard","meta":{"footnotes":""},"tags":[],"class_list":["post-634","post","type-post","status-publish","format-standard","hentry"],"_links":{"self":[{"href":"https:\/\/amblavana.esteri.it\/es\/wp-json\/wp\/v2\/posts\/634","targetHints":{"allow":["GET"]}}],"collection":[{"href":"https:\/\/amblavana.esteri.it\/es\/wp-json\/wp\/v2\/posts"}],"about":[{"href":"https:\/\/amblavana.esteri.it\/es\/wp-json\/wp\/v2\/types\/post"}],"author":[{"embeddable":true,"href":"https:\/\/amblavana.esteri.it\/es\/wp-json\/wp\/v2\/users\/1"}],"replies":[{"embeddable":true,"href":"https:\/\/amblavana.esteri.it\/es\/wp-json\/wp\/v2\/comments?post=634"}],"version-history":[{"count":0,"href":"https:\/\/amblavana.esteri.it\/es\/wp-json\/wp\/v2\/posts\/634\/revisions"}],"wp:attachment":[{"href":"https:\/\/amblavana.esteri.it\/es\/wp-json\/wp\/v2\/media?parent=634"}],"wp:term":[{"taxonomy":"post_tag","embeddable":true,"href":"https:\/\/amblavana.esteri.it\/es\/wp-json\/wp\/v2\/tags?post=634"}],"curies":[{"name":"wp","href":"https:\/\/api.w.org\/{rel}","templated":true}]}}