{"id":628,"date":"2023-07-10T21:27:13","date_gmt":"2023-07-11T01:27:13","guid":{"rendered":"https:\/\/amblavana.esteri.it\/news\/dall_ambasciata\/2023\/07\/bando-per-l-assegnazione-di-borse_2-2\/"},"modified":"2023-07-10T21:27:13","modified_gmt":"2023-07-11T01:27:13","slug":"bando-per-l-assegnazione-di-borse_2-2","status":"publish","type":"post","link":"https:\/\/amblavana.esteri.it\/es\/news\/dall_ambasciata\/2023\/07\/bando-per-l-assegnazione-di-borse_2-2\/","title":{"rendered":"CONVOCATORIA DE BECAS PARA PASANT\u00cdAS EN ITALIA PARA T\u00c9CNICOS, PROFESIONALES Y PEQUE\u00d1OS EMPRESARIOS DE AM\u00c9RICA LATINA"},"content":{"rendered":"<p>IILA &#8211; Organizaci\u00f3n Internacional Italo-Latinoamericana &#8211; ha publicado la convocatoria <strong>\u00abPROYECTO HABILITAS PARA EL A\u00d1O 2023\u00bb<\/strong> (en anexo) para la asignaci\u00f3n de 50 becas parciales a t\u00e9cnicos, profesionales y peque\u00f1os empresarios de los pa\u00edses latinoamericanos miembros de IILA que deseen realizar pasant\u00edas de corta duraci\u00f3n (m\u00e1ximo 4 semanas en los meses de septiembre\/noviembre de 2023) en las empresas y en las estructuras de formaci\u00f3n de Italia, en 7 cl\u00fasteres tem\u00e1ticos:<\/p>\n<p>&#8211; 4 pasant\u00edas en \u00abAgroturismo y multifuncionalidad del mundo rural\u00bb<\/p>\n<p>&#8211; 5 pasant\u00edas en \u00abModelos de negocios y producci\u00f3n agroindustrial de las cooperativas sociales\u00bb<\/p>\n<p>&#8211; 5 pasant\u00edas en \u00abTecnolog\u00edas digitales para ciudades inteligentes y sostenibles\u00bb<\/p>\n<p>&#8211; 8 pasant\u00edas en \u00abEconom\u00eda del conocimiento y Pymes\u00bb<\/p>\n<p>&#8211; 10 pasant\u00edas en \u00abCurso te\u00f3rico-pr\u00e1ctico sobre el sistema moda\u00bb<\/p>\n<p>&#8211; 10 pasant\u00edas en \u00abFortalecimiento de las asociaciones empresariales latinoamericanas para mejorar los servicios prestados a las Pymes\u00bb<\/p>\n<p>&#8211; 8 pasant\u00edas en \u00abCooperativas de producci\u00f3n en la Regi\u00f3n Sicilia\u00bb (estas pasant\u00edas se iniciar\u00e1n en octubre de 2023 y ser\u00e1n realizadas en la primavera de 2024).<\/p>\n<p>Las becas son ofrecidas por la misma Organizaci\u00f3n, con el apoyo financiero de la DG de Cooperaci\u00f3n para el Desarrollo del Ministerio de Asuntos Exteriores y de la Cooperaci\u00f3n Internacional de Italia (DGCS\/MAECI).<\/p>\n<p>Las solicitudes deber\u00e1n enviarse antes del<strong> 28 de julio de 2023<\/strong> p. v. a las 24.00 GMT+1. Las solicitudes recibidas fuera de plazo se considerar\u00e1n inadmisibles.<\/p>\n<p>Para m\u00e1s informaci\u00f3n, consulte el enlace: <a href=\"https:\/\/iila.org\/it\/borse-di-studio-per-tirocini-in-italia-del-progetto-habilitas-2023\/\">https:\/\/iila.org\/it\/borse-di-studio-per-tirocini-in-italia-del-progetto-habilitas-2023\/<\/a>.<\/p>\n","protected":false},"excerpt":{"rendered":"IILA &#8211; Organizaci\u00f3n Internacional Italo-Latinoamericana &#8211; ha publicado la convocatoria \u00abPROYECTO HABILITAS PARA EL A\u00d1O 2023\u00bb (en anexo) para la asignaci\u00f3n de 50 becas parciales a t\u00e9cnicos, profesionales y peque\u00f1os empresarios de los pa\u00edses latinoamericanos miembros de IILA que deseen realizar pasant\u00edas de corta duraci\u00f3n (m\u00e1ximo 4 semanas en los meses de septiembre\/noviembre de 2023) [&hellip;]","protected":false},"author":1,"featured_media":0,"comment_status":"","ping_status":"","sticky":false,"template":"","format":"standard","meta":{"footnotes":""},"tags":[],"class_list":["post-628","post","type-post","status-publish","format-standard","hentry"],"_links":{"self":[{"href":"https:\/\/amblavana.esteri.it\/es\/wp-json\/wp\/v2\/posts\/628","targetHints":{"allow":["GET"]}}],"collection":[{"href":"https:\/\/amblavana.esteri.it\/es\/wp-json\/wp\/v2\/posts"}],"about":[{"href":"https:\/\/amblavana.esteri.it\/es\/wp-json\/wp\/v2\/types\/post"}],"author":[{"embeddable":true,"href":"https:\/\/amblavana.esteri.it\/es\/wp-json\/wp\/v2\/users\/1"}],"replies":[{"embeddable":true,"href":"https:\/\/amblavana.esteri.it\/es\/wp-json\/wp\/v2\/comments?post=628"}],"version-history":[{"count":0,"href":"https:\/\/amblavana.esteri.it\/es\/wp-json\/wp\/v2\/posts\/628\/revisions"}],"wp:attachment":[{"href":"https:\/\/amblavana.esteri.it\/es\/wp-json\/wp\/v2\/media?parent=628"}],"wp:term":[{"taxonomy":"post_tag","embeddable":true,"href":"https:\/\/amblavana.esteri.it\/es\/wp-json\/wp\/v2\/tags?post=628"}],"curies":[{"name":"wp","href":"https:\/\/api.w.org\/{rel}","templated":true}]}}