{"id":622,"date":"2023-07-11T18:08:36","date_gmt":"2023-07-11T22:08:36","guid":{"rendered":"https:\/\/amblavana.esteri.it\/news\/dall_ambasciata\/2023\/07\/borse-di-studio-per-corsi-di-alta-2\/"},"modified":"2023-07-11T18:08:36","modified_gmt":"2023-07-11T22:08:36","slug":"borse-di-studio-per-corsi-di-alta-2","status":"publish","type":"post","link":"https:\/\/amblavana.esteri.it\/es\/news\/dall_ambasciata\/2023\/07\/borse-di-studio-per-corsi-di-alta-2\/","title":{"rendered":"BECAS PARA CURSOS DE ALTA FORMACI\u00d3N MODA Y DISE\u00d1O PARA ESTUDIANTES ITALIANOS Y EXTRANJEROS"},"content":{"rendered":"<p>La Accademia di Alta Formazione di Moda e Design Makecampus ofrece 14 becas para la asistencia a un curso de alta formaci\u00f3n profesional en Toscana (Cetona, provincia de Siena) en el \u00e1mbito de la moda y el dise\u00f1o, para estudiantes italianos y extranjeros de entre 18 y 25 a\u00f1os. El curso consta de 9 meses de formaci\u00f3n y 6 meses de experiencia laboral en empresas del sector. <a href=\"https:\/\/makecampus.it\/wp-content\/uploads\/2023\/03\/BANDO-DI-SELEZIONE-MC-2023.pdf\"><span style=\"text-decoration: underline;\"><strong>Consulta la Convocatoria<\/strong><\/span><\/a>.<\/p>\n<p>Las solicitudes deber\u00e1n enviarse antes del <strong>31 de agosto de 2023<\/strong>. Las solicitudes recibidas fuera del plazo se considerar\u00e1n inadmisibles.<\/p>\n<p>Para obtener m\u00e1s informaci\u00f3n y enviar tu solicitud, consulta el enlace <a href=\"https:\/\/makecampus.es\/\">https:\/\/makecampus.es\/<\/a>.<\/p>\n","protected":false},"excerpt":{"rendered":"La Accademia di Alta Formazione di Moda e Design Makecampus ofrece 14 becas para la asistencia a un curso de alta formaci\u00f3n profesional en Toscana (Cetona, provincia de Siena) en el \u00e1mbito de la moda y el dise\u00f1o, para estudiantes italianos y extranjeros de entre 18 y 25 a\u00f1os. El curso consta de 9 meses [&hellip;]","protected":false},"author":1,"featured_media":0,"comment_status":"","ping_status":"","sticky":false,"template":"","format":"standard","meta":{"footnotes":""},"tags":[],"class_list":["post-622","post","type-post","status-publish","format-standard","hentry"],"_links":{"self":[{"href":"https:\/\/amblavana.esteri.it\/es\/wp-json\/wp\/v2\/posts\/622","targetHints":{"allow":["GET"]}}],"collection":[{"href":"https:\/\/amblavana.esteri.it\/es\/wp-json\/wp\/v2\/posts"}],"about":[{"href":"https:\/\/amblavana.esteri.it\/es\/wp-json\/wp\/v2\/types\/post"}],"author":[{"embeddable":true,"href":"https:\/\/amblavana.esteri.it\/es\/wp-json\/wp\/v2\/users\/1"}],"replies":[{"embeddable":true,"href":"https:\/\/amblavana.esteri.it\/es\/wp-json\/wp\/v2\/comments?post=622"}],"version-history":[{"count":0,"href":"https:\/\/amblavana.esteri.it\/es\/wp-json\/wp\/v2\/posts\/622\/revisions"}],"wp:attachment":[{"href":"https:\/\/amblavana.esteri.it\/es\/wp-json\/wp\/v2\/media?parent=622"}],"wp:term":[{"taxonomy":"post_tag","embeddable":true,"href":"https:\/\/amblavana.esteri.it\/es\/wp-json\/wp\/v2\/tags?post=622"}],"curies":[{"name":"wp","href":"https:\/\/api.w.org\/{rel}","templated":true}]}}