{"id":616,"date":"2023-07-18T23:56:26","date_gmt":"2023-07-19T03:56:26","guid":{"rendered":"https:\/\/amblavana.esteri.it\/news\/dall_ambasciata\/2023\/07\/bando-per-l-assegnazione-di-borse_3-2\/"},"modified":"2023-07-18T23:56:26","modified_gmt":"2023-07-19T03:56:26","slug":"bando-per-l-assegnazione-di-borse_3-2","status":"publish","type":"post","link":"https:\/\/amblavana.esteri.it\/es\/news\/dall_ambasciata\/2023\/07\/bando-per-l-assegnazione-di-borse_3-2\/","title":{"rendered":"CONVOCATORIA DE BECAS DEL GOBIERNO ITALIANO A.A. 2023-2024 PARA ESTUDIANTES EXTRANJEROS. CLASIFICACI\u00d3N"},"content":{"rendered":"<p>Se informa que se ha concluido el procedimiento de selecci\u00f3n para la asignaci\u00f3n de las becas de estudio ofrecidas por el Gobierno italiano relativo a la convocatoria publicada en este sitio el 8\/5\/2023. Sobre la base de las evaluaciones obtenidas de cada uno de los candidatos, fue elaborada la correspondiente\u00a0<a href=\"http:\/\/amblavana.esteri.it\/ambasciata_lavana\/resource\/doc\/2023\/07\/cuba_graduatoria.pdf\">lista de clasificaci\u00f3n<\/a>, indicando los ganadores y las reservas.<\/p>\n","protected":false},"excerpt":{"rendered":"Se informa que se ha concluido el procedimiento de selecci\u00f3n para la asignaci\u00f3n de las becas de estudio ofrecidas por el Gobierno italiano relativo a la convocatoria publicada en este sitio el 8\/5\/2023. Sobre la base de las evaluaciones obtenidas de cada uno de los candidatos, fue elaborada la correspondiente\u00a0lista de clasificaci\u00f3n, indicando los ganadores [&hellip;]","protected":false},"author":1,"featured_media":0,"comment_status":"","ping_status":"","sticky":false,"template":"","format":"standard","meta":{"footnotes":""},"tags":[],"class_list":["post-616","post","type-post","status-publish","format-standard","hentry"],"_links":{"self":[{"href":"https:\/\/amblavana.esteri.it\/es\/wp-json\/wp\/v2\/posts\/616","targetHints":{"allow":["GET"]}}],"collection":[{"href":"https:\/\/amblavana.esteri.it\/es\/wp-json\/wp\/v2\/posts"}],"about":[{"href":"https:\/\/amblavana.esteri.it\/es\/wp-json\/wp\/v2\/types\/post"}],"author":[{"embeddable":true,"href":"https:\/\/amblavana.esteri.it\/es\/wp-json\/wp\/v2\/users\/1"}],"replies":[{"embeddable":true,"href":"https:\/\/amblavana.esteri.it\/es\/wp-json\/wp\/v2\/comments?post=616"}],"version-history":[{"count":0,"href":"https:\/\/amblavana.esteri.it\/es\/wp-json\/wp\/v2\/posts\/616\/revisions"}],"wp:attachment":[{"href":"https:\/\/amblavana.esteri.it\/es\/wp-json\/wp\/v2\/media?parent=616"}],"wp:term":[{"taxonomy":"post_tag","embeddable":true,"href":"https:\/\/amblavana.esteri.it\/es\/wp-json\/wp\/v2\/tags?post=616"}],"curies":[{"name":"wp","href":"https:\/\/api.w.org\/{rel}","templated":true}]}}