{"id":610,"date":"2023-07-19T23:31:01","date_gmt":"2023-07-20T03:31:01","guid":{"rendered":"https:\/\/amblavana.esteri.it\/news\/dall_ambasciata\/2023\/07\/il-trombettiere-mostra-di-illustrazioni-2\/"},"modified":"2023-07-19T23:31:01","modified_gmt":"2023-07-20T03:31:01","slug":"il-trombettiere-mostra-di-illustrazioni-2","status":"publish","type":"post","link":"https:\/\/amblavana.esteri.it\/es\/news\/dall_ambasciata\/2023\/07\/il-trombettiere-mostra-di-illustrazioni-2\/","title":{"rendered":"\u00abIL TROMBETTIERE\u00bb: EXPOSICI\u00d3N DE DIBUJOS ORIGINALES DE MILO MANARA Y TALLER DE IMPROVISACI\u00d3N PO\u00c9TICA (28-29 DE JULIO)"},"content":{"rendered":"<p>El\u00a0s\u00e1bado 29 de julio a las 18.30 horas se inaugura en La Habana, en la Vitrina de Valonia de la Plaza Vieja, una exposici\u00f3n dedicada a la obra \u00abIl Trombettiere\u00bb, con los dibujos originales del c\u00e9lebre artista Milo Manara. La exposici\u00f3n est\u00e1 organizada por la Embajada de Italia, en colaboraci\u00f3n con el espacio cultural Ven-T\u00fa, la Oficina del Historiador, Aurelia Ediciones y Oralitura Habana.<\/p>\n<p>En la misma sede y en relaci\u00f3n con este evento, el 28 y 29 de julio se realizar\u00e1 un taller con el artista italiano David Riondino llamado \u00abViaje al centro de la improvisaci\u00f3n po\u00e9tica\u00bb. Contacto para la inscripci\u00f3n: +53 5 044 7474; Correo electr\u00f3nico: <a href=\"mailto:oraliturahabana@gmail.com\">oraliturahabana@gmail.com<\/a>.<\/p>\n","protected":false},"excerpt":{"rendered":"El\u00a0s\u00e1bado 29 de julio a las 18.30 horas se inaugura en La Habana, en la Vitrina de Valonia de la Plaza Vieja, una exposici\u00f3n dedicada a la obra \u00abIl Trombettiere\u00bb, con los dibujos originales del c\u00e9lebre artista Milo Manara. La exposici\u00f3n est\u00e1 organizada por la Embajada de Italia, en colaboraci\u00f3n con el espacio cultural Ven-T\u00fa, [&hellip;]","protected":false},"author":1,"featured_media":0,"comment_status":"","ping_status":"","sticky":false,"template":"","format":"standard","meta":{"footnotes":""},"tags":[],"class_list":["post-610","post","type-post","status-publish","format-standard","hentry"],"_links":{"self":[{"href":"https:\/\/amblavana.esteri.it\/es\/wp-json\/wp\/v2\/posts\/610","targetHints":{"allow":["GET"]}}],"collection":[{"href":"https:\/\/amblavana.esteri.it\/es\/wp-json\/wp\/v2\/posts"}],"about":[{"href":"https:\/\/amblavana.esteri.it\/es\/wp-json\/wp\/v2\/types\/post"}],"author":[{"embeddable":true,"href":"https:\/\/amblavana.esteri.it\/es\/wp-json\/wp\/v2\/users\/1"}],"replies":[{"embeddable":true,"href":"https:\/\/amblavana.esteri.it\/es\/wp-json\/wp\/v2\/comments?post=610"}],"version-history":[{"count":0,"href":"https:\/\/amblavana.esteri.it\/es\/wp-json\/wp\/v2\/posts\/610\/revisions"}],"wp:attachment":[{"href":"https:\/\/amblavana.esteri.it\/es\/wp-json\/wp\/v2\/media?parent=610"}],"wp:term":[{"taxonomy":"post_tag","embeddable":true,"href":"https:\/\/amblavana.esteri.it\/es\/wp-json\/wp\/v2\/tags?post=610"}],"curies":[{"name":"wp","href":"https:\/\/api.w.org\/{rel}","templated":true}]}}