{"id":604,"date":"2023-07-21T16:19:18","date_gmt":"2023-07-21T20:19:18","guid":{"rendered":"https:\/\/amblavana.esteri.it\/news\/dall_ambasciata\/2023\/07\/informazione-importante-sulle-carte-2\/"},"modified":"2023-07-21T16:19:18","modified_gmt":"2023-07-21T20:19:18","slug":"informazione-importante-sulle-carte-2","status":"publish","type":"post","link":"https:\/\/amblavana.esteri.it\/es\/news\/dall_ambasciata\/2023\/07\/informazione-importante-sulle-carte-2\/","title":{"rendered":"NOVEDADES \u2013 TARJETA DE RESIDENCIA"},"content":{"rendered":"<p>Se informa a nuestros usuarios que en base al Reglamento (UE) 2019\/1157, <span style=\"text-decoration: underline;\"><strong>a partir del 3 de agosto ya no ser\u00e1n v\u00e1lidas las Tarjetas de Residencia para los familiares de ciudadanos UE en formato de papel impreso<\/strong><\/span>. Los titulares de las mencionadas Tarjetas que no hayan convertido su documento en formato de tarjeta magn\u00e9tica deber\u00e1n entonces disponer de un visado para cruzar las fronteras. Se mantiene la posibilidad para los ciudadanos extranjeros que hayan hecho la solicitud de actualizaci\u00f3n de su t\u00edtulo y cuya solicitud no est\u00e9 a\u00fan perfeccionada, de reingresar en el territorio nacional a trav\u00e9s de vuelo directo exhibiendo el recibo de renovaci\u00f3n de su documento de residencia.<\/p>\n","protected":false},"excerpt":{"rendered":"Se informa a nuestros usuarios que en base al Reglamento (UE) 2019\/1157, a partir del 3 de agosto ya no ser\u00e1n v\u00e1lidas las Tarjetas de Residencia para los familiares de ciudadanos UE en formato de papel impreso. Los titulares de las mencionadas Tarjetas que no hayan convertido su documento en formato de tarjeta magn\u00e9tica deber\u00e1n [&hellip;]","protected":false},"author":1,"featured_media":0,"comment_status":"closed","ping_status":"closed","sticky":false,"template":"","format":"standard","meta":{"footnotes":""},"tags":[],"class_list":["post-604","post","type-post","status-publish","format-standard","hentry"],"_links":{"self":[{"href":"https:\/\/amblavana.esteri.it\/es\/wp-json\/wp\/v2\/posts\/604","targetHints":{"allow":["GET"]}}],"collection":[{"href":"https:\/\/amblavana.esteri.it\/es\/wp-json\/wp\/v2\/posts"}],"about":[{"href":"https:\/\/amblavana.esteri.it\/es\/wp-json\/wp\/v2\/types\/post"}],"author":[{"embeddable":true,"href":"https:\/\/amblavana.esteri.it\/es\/wp-json\/wp\/v2\/users\/1"}],"replies":[{"embeddable":true,"href":"https:\/\/amblavana.esteri.it\/es\/wp-json\/wp\/v2\/comments?post=604"}],"version-history":[{"count":0,"href":"https:\/\/amblavana.esteri.it\/es\/wp-json\/wp\/v2\/posts\/604\/revisions"}],"wp:attachment":[{"href":"https:\/\/amblavana.esteri.it\/es\/wp-json\/wp\/v2\/media?parent=604"}],"wp:term":[{"taxonomy":"post_tag","embeddable":true,"href":"https:\/\/amblavana.esteri.it\/es\/wp-json\/wp\/v2\/tags?post=604"}],"curies":[{"name":"wp","href":"https:\/\/api.w.org\/{rel}","templated":true}]}}