{"id":595,"date":"2023-10-03T18:31:36","date_gmt":"2023-10-03T22:31:36","guid":{"rendered":"https:\/\/amblavana.esteri.it\/news\/dall_ambasciata\/2023\/10\/centenario-italo-calvino-comunicato-2\/"},"modified":"2023-10-03T18:31:36","modified_gmt":"2023-10-03T22:31:36","slug":"centenario-italo-calvino-comunicato-2","status":"publish","type":"post","link":"https:\/\/amblavana.esteri.it\/es\/news\/dall_ambasciata\/2023\/10\/centenario-italo-calvino-comunicato-2\/","title":{"rendered":"CENTENARIO ITALO CALVINO 2023 &#8211; COMUNICADO DE PRENSA"},"content":{"rendered":"<p><strong>Conferencia de prensa: martes 3 de octubre a las 10:00<\/strong><\/p>\n<p><strong>Sede de la Uni\u00f3n Nacional de Escritores y Artistas de Cuba (UNEAC)<\/strong><\/p>\n<p><strong>Calle 17, esquina H, Vedado<\/strong><\/p>\n<p>\u00a0<\/p>\n<p><strong>En los pr\u00f3ximos d\u00edas, comenzar\u00e1n en Cuba los eventos para celebrar el Centenario del natalicio de Italo Calvino.<\/strong><\/p>\n<p style=\"text-align: justify;\">Organizada y promovida por la Embajada de Italia en La Habana, junto con distintos colaboradores cubanos e italianos, como la\u00a0Uni\u00f3n Nacional de Escritores y Artistas de Cuba (UNEAC),\u00a0Casa de las Am\u00e9ricas, la Agencia italiana para la cooperaci\u00f3n AICS, la\u00a0Sociedad Dante Alighieri, el Laboratorio Calvino de la Universidad \u201cLa Sapienza\u201d de Roma, la Universidad de La Habana, la Asociaci\u00f3n Parques Literarios y ARCI-ARCS, los eventos dedicados al Centenario del natalicio de Italo Calvino tendr\u00e1n lugar del 11 al 15 de octubre pr\u00f3ximos.<\/p>\n<p style=\"text-align: justify;\">El programa propone una serie de iniciativas para homenajear \/ rendir homenaje y conocer m\u00e1s a fundo el autor nacido a Santiago de las Vegas (La Habana) en el 1923, donde sus padres trabajaban por la \u201cEstaci\u00f3n bot\u00e1nica experimental\u201d, hoy sede del INIFAT.<\/p>\n<p style=\"text-align: justify;\">Los eventos previstos incluyen una conferencia en la Universidad de La Habana (donde un aula ser\u00e1 intitulada a Italo Calvino); la inauguraci\u00f3n de la exposici\u00f3n \u201cCalvino qui e altrove\u201d (\u201cCalvino aqu\u00ed y en otros lugares\u201d); la presentaci\u00f3n del volumen \u201cCalvino, Cuba, l\u2019America Latina\u201d y de la edici\u00f3n cubana de la Trilog\u00eda \u201cNuestros antepasados\u201d; la proclamaci\u00f3n del ganador del Premio literario \u201cItalo Calvino\u201d destinado a escritores cubanos debutantes.<\/p>\n<p style=\"text-align: justify;\">Adem\u00e1s: actividades para los ni\u00f1os durante el s\u00e1bado 14 y el domingo 15 y, para concluir, una noche de celebraciones en Santiago de las Vegas, en la casa natal de Calvino y actual sede del INIFAT.<\/p>\n<p style=\"text-align: justify;\">El programa completo y las actualizaciones est\u00e1n disponibles en la p\u00e1gina web y en nuestras redes sociales.<\/p>\n<p style=\"text-align: justify;\">La Habana, 3 de octubre 2023<\/p>\n","protected":false},"excerpt":{"rendered":"Conferencia de prensa: martes 3 de octubre a las 10:00 Sede de la Uni\u00f3n Nacional de Escritores y Artistas de Cuba (UNEAC) Calle 17, esquina H, Vedado \u00a0 En los pr\u00f3ximos d\u00edas, comenzar\u00e1n en Cuba los eventos para celebrar el Centenario del natalicio de Italo Calvino. Organizada y promovida por la Embajada de Italia en [&hellip;]","protected":false},"author":1,"featured_media":0,"comment_status":"","ping_status":"","sticky":false,"template":"","format":"standard","meta":{"footnotes":""},"tags":[],"class_list":["post-595","post","type-post","status-publish","format-standard","hentry"],"_links":{"self":[{"href":"https:\/\/amblavana.esteri.it\/es\/wp-json\/wp\/v2\/posts\/595","targetHints":{"allow":["GET"]}}],"collection":[{"href":"https:\/\/amblavana.esteri.it\/es\/wp-json\/wp\/v2\/posts"}],"about":[{"href":"https:\/\/amblavana.esteri.it\/es\/wp-json\/wp\/v2\/types\/post"}],"author":[{"embeddable":true,"href":"https:\/\/amblavana.esteri.it\/es\/wp-json\/wp\/v2\/users\/1"}],"replies":[{"embeddable":true,"href":"https:\/\/amblavana.esteri.it\/es\/wp-json\/wp\/v2\/comments?post=595"}],"version-history":[{"count":0,"href":"https:\/\/amblavana.esteri.it\/es\/wp-json\/wp\/v2\/posts\/595\/revisions"}],"wp:attachment":[{"href":"https:\/\/amblavana.esteri.it\/es\/wp-json\/wp\/v2\/media?parent=595"}],"wp:term":[{"taxonomy":"post_tag","embeddable":true,"href":"https:\/\/amblavana.esteri.it\/es\/wp-json\/wp\/v2\/tags?post=595"}],"curies":[{"name":"wp","href":"https:\/\/api.w.org\/{rel}","templated":true}]}}