{"id":3890,"date":"2025-11-20T18:30:02","date_gmt":"2025-11-20T22:30:02","guid":{"rendered":"https:\/\/amblavana.esteri.it\/?p=3890"},"modified":"2025-11-20T18:28:59","modified_gmt":"2025-11-20T22:28:59","slug":"xxvii-semana-de-la-cultura-italiana-en-cuba","status":"publish","type":"post","link":"https:\/\/amblavana.esteri.it\/es\/news\/dall_ambasciata\/2025\/11\/xxvii-semana-de-la-cultura-italiana-en-cuba\/","title":{"rendered":"XXVII SEMANA DE LA CULTURA ITALIANA EN CUBA"},"content":{"rendered":"<p>Organizada y promovida por la Embajada de Italia en La Habana, en colaboraci\u00f3n con el Ministerio de Cultura de Cuba y la Oficina del Historiador de La Habana, y con el apoyo de numerosas empresas e instituciones italianas y cubanas, la Semana de la Cultura Italiana en Cuba llega este a\u00f1o a su vig\u00e9sima s\u00e9ptima edici\u00f3n, que se llevar\u00e1 a cabo del 28 de noviembre al 6 de diciembre.<\/p>\n<p>El programa propone un rico calendario de iniciativas dise\u00f1adas para ofrecer al p\u00fablico cubano un viaje creativo a trav\u00e9s de la cultura italiana y las relaciones culturales entre Italia y Cuba, abarcando diversos \u00e1mbitos: desde el arte hasta el cine, la m\u00fasica, la historia y el teatro. Algunos eventos tendr\u00e1n como hilo conductor la literatura italiana, con la conmemoraci\u00f3n de importantes aniversarios: el centenario del nacimiento de Andrea Camilleri y los 650 a\u00f1os de la muerte de Giovanni Boccaccio.<\/p>\n<p>Este a\u00f1o se dar\u00e1 especial relevancia tambi\u00e9n al papel de la cooperaci\u00f3n italiana en Cuba, a trav\u00e9s del compromiso de la Agencia Italiana para la Cooperaci\u00f3n al Desarrollo (AICS) y de las organizaciones no gubernamentales italianas activas en el pa\u00eds.<\/p>\n<p>&nbsp;<\/p>\n<p>El mi\u00e9rcoles 26 de noviembre, a las 11:00 a.m., se llevar\u00e1 a cabo una conferencia de prensa para presentar el programa (adjunto), en la Casa de las Tejas Verdes (Calle 2 No. 318 esquina 5ta Avenida, Miramar, Playa).<\/p>\n","protected":false},"excerpt":{"rendered":"Organizada y promovida por la Embajada de Italia en La Habana, en colaboraci\u00f3n con el Ministerio de Cultura de Cuba y la Oficina del Historiador de La Habana, y con el apoyo de numerosas empresas e instituciones italianas y cubanas, la Semana de la Cultura Italiana en Cuba llega este a\u00f1o a su vig\u00e9sima s\u00e9ptima [&hellip;]","protected":false},"author":9,"featured_media":3881,"comment_status":"closed","ping_status":"closed","sticky":false,"template":"","format":"standard","meta":{"footnotes":""},"tags":[],"class_list":["post-3890","post","type-post","status-publish","format-standard","has-post-thumbnail","hentry"],"_links":{"self":[{"href":"https:\/\/amblavana.esteri.it\/es\/wp-json\/wp\/v2\/posts\/3890","targetHints":{"allow":["GET"]}}],"collection":[{"href":"https:\/\/amblavana.esteri.it\/es\/wp-json\/wp\/v2\/posts"}],"about":[{"href":"https:\/\/amblavana.esteri.it\/es\/wp-json\/wp\/v2\/types\/post"}],"author":[{"embeddable":true,"href":"https:\/\/amblavana.esteri.it\/es\/wp-json\/wp\/v2\/users\/9"}],"replies":[{"embeddable":true,"href":"https:\/\/amblavana.esteri.it\/es\/wp-json\/wp\/v2\/comments?post=3890"}],"version-history":[{"count":1,"href":"https:\/\/amblavana.esteri.it\/es\/wp-json\/wp\/v2\/posts\/3890\/revisions"}],"predecessor-version":[{"id":3892,"href":"https:\/\/amblavana.esteri.it\/es\/wp-json\/wp\/v2\/posts\/3890\/revisions\/3892"}],"wp:featuredmedia":[{"embeddable":true,"href":"https:\/\/amblavana.esteri.it\/es\/wp-json\/wp\/v2\/media\/3881"}],"wp:attachment":[{"href":"https:\/\/amblavana.esteri.it\/es\/wp-json\/wp\/v2\/media?parent=3890"}],"wp:term":[{"taxonomy":"post_tag","embeddable":true,"href":"https:\/\/amblavana.esteri.it\/es\/wp-json\/wp\/v2\/tags?post=3890"}],"curies":[{"name":"wp","href":"https:\/\/api.w.org\/{rel}","templated":true}]}}