{"id":3753,"date":"2025-09-25T12:38:25","date_gmt":"2025-09-25T16:38:25","guid":{"rendered":"https:\/\/amblavana.esteri.it\/?p=3753"},"modified":"2025-09-25T12:40:20","modified_gmt":"2025-09-25T16:40:20","slug":"colegio-santa-clara-comienza-el-primer-curso-de-formacion-impulsado-por-la-cooperacion-italiana","status":"publish","type":"post","link":"https:\/\/amblavana.esteri.it\/es\/news\/dall_ambasciata\/2025\/09\/colegio-santa-clara-comienza-el-primer-curso-de-formacion-impulsado-por-la-cooperacion-italiana\/","title":{"rendered":"Colegio Santa Clara: comienza el primer curso de formaci\u00f3n, impulsado por la Cooperaci\u00f3n italiana"},"content":{"rendered":"<p>El Colegio Santa Clara de La Habana, tras su restauraci\u00f3n impulsada por la Uni\u00f3n Europea, la UNESCO, la Cooperaci\u00f3n Italiana y la IILA, inicia su primer curso de formaci\u00f3n en artes y oficios de la restauraci\u00f3n.<\/p>\n<p>El programa, de tres semanas, re\u00fane a 25 profesionales cubanos y a expertos de universidades italianas como La Sapienza de Roma y el Polit\u00e9cnico de Tur\u00edn.<\/p>\n<p>Las clases combinan teor\u00eda y pr\u00e1ctica en el propio edificio restaurado, abordando temas de conservaci\u00f3n, sostenibilidad y nuevas tecnolog\u00edas.<\/p>\n<p>Esta iniciativa marca una nueva etapa del proyecto de cooperaci\u00f3n italo-cubana para preservar el patrimonio hist\u00f3rico.<\/p>\n<p>El curso culminar\u00e1 con la clausura oficial del proyecto \u201cColegio Santa Clara: Restauraci\u00f3n y valorizaci\u00f3n del Antiguo Convento\u201d.<\/p>\n<p><a href=\"https:\/\/lavana.aics.gov.it\/news\/colegio-santa-clara-comienza-el-primer-curso-de-formacion-impulsado-por-la-cooperacion-italiana\/\">Conoce m\u00e0s<\/a><\/p>\n","protected":false},"excerpt":{"rendered":"El Colegio Santa Clara de La Habana, tras su restauraci\u00f3n impulsada por la Uni\u00f3n Europea, la UNESCO, la Cooperaci\u00f3n Italiana y la IILA, inicia su primer curso de formaci\u00f3n en artes y oficios de la restauraci\u00f3n. El programa, de tres semanas, re\u00fane a 25 profesionales cubanos y a expertos de universidades italianas como La Sapienza [&hellip;]","protected":false},"author":5,"featured_media":3749,"comment_status":"closed","ping_status":"closed","sticky":false,"template":"","format":"standard","meta":{"footnotes":""},"tags":[],"class_list":["post-3753","post","type-post","status-publish","format-standard","has-post-thumbnail","hentry"],"_links":{"self":[{"href":"https:\/\/amblavana.esteri.it\/es\/wp-json\/wp\/v2\/posts\/3753","targetHints":{"allow":["GET"]}}],"collection":[{"href":"https:\/\/amblavana.esteri.it\/es\/wp-json\/wp\/v2\/posts"}],"about":[{"href":"https:\/\/amblavana.esteri.it\/es\/wp-json\/wp\/v2\/types\/post"}],"author":[{"embeddable":true,"href":"https:\/\/amblavana.esteri.it\/es\/wp-json\/wp\/v2\/users\/5"}],"replies":[{"embeddable":true,"href":"https:\/\/amblavana.esteri.it\/es\/wp-json\/wp\/v2\/comments?post=3753"}],"version-history":[{"count":1,"href":"https:\/\/amblavana.esteri.it\/es\/wp-json\/wp\/v2\/posts\/3753\/revisions"}],"predecessor-version":[{"id":3755,"href":"https:\/\/amblavana.esteri.it\/es\/wp-json\/wp\/v2\/posts\/3753\/revisions\/3755"}],"wp:featuredmedia":[{"embeddable":true,"href":"https:\/\/amblavana.esteri.it\/es\/wp-json\/wp\/v2\/media\/3749"}],"wp:attachment":[{"href":"https:\/\/amblavana.esteri.it\/es\/wp-json\/wp\/v2\/media?parent=3753"}],"wp:term":[{"taxonomy":"post_tag","embeddable":true,"href":"https:\/\/amblavana.esteri.it\/es\/wp-json\/wp\/v2\/tags?post=3753"}],"curies":[{"name":"wp","href":"https:\/\/api.w.org\/{rel}","templated":true}]}}