{"id":3720,"date":"2025-09-04T12:09:38","date_gmt":"2025-09-04T16:09:38","guid":{"rendered":"https:\/\/amblavana.esteri.it\/?p=3720"},"modified":"2025-09-05T16:39:16","modified_gmt":"2025-09-05T20:39:16","slug":"aviso-de-subasta-publica-para-la-venta-del-vehiculo-de-representacion-kia-cadenza","status":"publish","type":"post","link":"https:\/\/amblavana.esteri.it\/es\/news\/dall_ambasciata\/2025\/09\/aviso-de-subasta-publica-para-la-venta-del-vehiculo-de-representacion-kia-cadenza\/","title":{"rendered":"AVISO DE SUBASTA P\u00daBLICA PARA LA  VENTA DEL VEH\u00cdCULO DE  REPRESENTACI\u00d3N (KIA CADENZA)"},"content":{"rendered":"<p style=\"text-align: justify;\">La Embajada de Italia en La Habana <strong>VENDE<\/strong> al mejor postor el autom\u00f3vil de representaci\u00f3n usado (Kia Cadenza).<\/p>\n<p style=\"text-align: justify;\">Se informa que el d\u00eda <strong>29 de septiembre de 2025<\/strong>, a las <strong>10:30<\/strong> en la sede de la Embajada de Italia en La Habana, situada en 5ta Avenida n. 402 esquina Calle 4, Miramar, se llevar\u00e1 a cabo una subasta p\u00fablica para la venta del autom\u00f3vil de representaci\u00f3n Kia Cadenza, con las modalidades especificadas en el aviso disponible al final.<\/p>\n<p style=\"text-align: justify;\">\n<strong>\u2022 AUTOM\u00d3VIL:<\/strong> de representaci\u00f3n (matr\u00edcula diplom\u00e1tica)<br \/>\n<strong>\u2022 TIPO:<\/strong> Kia Cadenza<br \/>\n<strong>\u2022 FECHA DE COMPRA:<\/strong> 09.11.2016<br \/>\n<strong>\u2022 KM ACTUALES:<\/strong> 54.440<br \/>\n<strong>\u2022 PRECIO BASE:<\/strong> 14.000,00 EUROS<\/p>\n<p style=\"text-align: justify;\">El autom\u00f3vil ser\u00e1 asignado, en el estado en que se encuentra, mediante subasta p\u00fablica con el sistema de ofertas secretas y adjudicaci\u00f3n al mejor postor. El autom\u00f3vil y los documentos relacionados podr\u00e1n ser vistos por todos aquellos que lo deseen, previa cita a fijar con la Oficina administrativa de la Embajada: tel\u00e9fono +53 5 992 5169 o +53 5 306 1592 correo electr\u00f3nico amm.ambavana@esteri.it<\/p>\n<p style=\"text-align: justify;\">Se requiere un aviso previo de al menos tres d\u00edas.<\/p>\n<p style=\"text-align: justify;\">Las ofertas (de importe igual o superior a 14.000,00 Euros) <strong>deber\u00e1n ser recibidas antes de las 12:30 del 25 de septiembre de 2025<\/strong> en un sobre cerrado, que se enviar\u00e1 a la Embajada de Italia \u2013 Oficina administrativa \u2013 5ta Avenida n. 402 esquina Calle 4, Miramar \u2013 con la indicaci\u00f3n <strong>\u201c\u00a1NO ABRIR! Oferta para la compra del Kia Cadenza.\u201d<\/strong><\/p>\n<p><a href=\"https:\/\/amblavana.esteri.it\/wp-content\/uploads\/2025\/09\/Aviso-de-subasta-publica-auto-de-representacion-Kia-Cadenza.-Espanol.pdf\"><strong><u>Aviso de subasta p\u00fablica<\/u><\/strong><\/a><\/p>\n<ul>\n<li><strong>Anexo A \u2013\u00a0<\/strong>\u00a0<a href=\"https:\/\/amblavana.esteri.it\/wp-content\/uploads\/2025\/09\/Allegato-A-Manifestazione-interesse-Kia-Cadenza.-Traduzione-Spagnolo.pdf\"><u>Solicitud de participaci\u00f3n<\/u><\/a><\/li>\n<li><strong>Anexo B \u2013\u00a0<\/strong><a href=\"https:\/\/amblavana.esteri.it\/wp-content\/uploads\/2025\/09\/Allegato-B-Modello-di-offerta-economica-Kia-Cadenza-Traduzione-Spagnolo.pdf\"><u>Oferta econ\u00f3mica<\/u><\/a><\/li>\n<li><strong>Anexo C \u2013\u00a0<\/strong><a href=\"https:\/\/amblavana.esteri.it\/wp-content\/uploads\/2025\/09\/Allegato-C-Dichiarazione-sui-requisiti-Kia-Cadenza.-Traduzione-Spagnolo.pdf\"><u>Declaraci\u00f3n de cumplimiento de los requisitos<\/u><\/a><\/li>\n<li><strong>Anexo D \u2013\u00a0<\/strong><a class=\"focus--mouse\" href=\"https:\/\/amblavana.esteri.it\/wp-content\/uploads\/2025\/09\/Allegato-D-Informativa-sul-tattamento-dei-dat-personali.-Spagnolo.pdf\" data-focus-mouse=\"true\"><u>Informaci\u00f3n sobre el tratamiento de datos personales<\/u><\/a><\/li>\n<\/ul>\n","protected":false},"excerpt":{"rendered":"La Embajada de Italia en La Habana VENDE al mejor postor el autom\u00f3vil de representaci\u00f3n usado (Kia Cadenza). Se informa que el d\u00eda 29 de septiembre de 2025, a las 10:30 en la sede de la Embajada de Italia en La Habana, situada en 5ta Avenida n. 402 esquina Calle 4, Miramar, se llevar\u00e1 a [&hellip;]","protected":false},"author":5,"featured_media":0,"comment_status":"closed","ping_status":"closed","sticky":false,"template":"","format":"standard","meta":{"footnotes":""},"tags":[],"class_list":["post-3720","post","type-post","status-publish","format-standard","hentry"],"_links":{"self":[{"href":"https:\/\/amblavana.esteri.it\/es\/wp-json\/wp\/v2\/posts\/3720","targetHints":{"allow":["GET"]}}],"collection":[{"href":"https:\/\/amblavana.esteri.it\/es\/wp-json\/wp\/v2\/posts"}],"about":[{"href":"https:\/\/amblavana.esteri.it\/es\/wp-json\/wp\/v2\/types\/post"}],"author":[{"embeddable":true,"href":"https:\/\/amblavana.esteri.it\/es\/wp-json\/wp\/v2\/users\/5"}],"replies":[{"embeddable":true,"href":"https:\/\/amblavana.esteri.it\/es\/wp-json\/wp\/v2\/comments?post=3720"}],"version-history":[{"count":1,"href":"https:\/\/amblavana.esteri.it\/es\/wp-json\/wp\/v2\/posts\/3720\/revisions"}],"predecessor-version":[{"id":3723,"href":"https:\/\/amblavana.esteri.it\/es\/wp-json\/wp\/v2\/posts\/3720\/revisions\/3723"}],"wp:attachment":[{"href":"https:\/\/amblavana.esteri.it\/es\/wp-json\/wp\/v2\/media?parent=3720"}],"wp:term":[{"taxonomy":"post_tag","embeddable":true,"href":"https:\/\/amblavana.esteri.it\/es\/wp-json\/wp\/v2\/tags?post=3720"}],"curies":[{"name":"wp","href":"https:\/\/api.w.org\/{rel}","templated":true}]}}