{"id":3428,"date":"2025-08-12T13:18:35","date_gmt":"2025-08-12T17:18:35","guid":{"rendered":"https:\/\/amblavana.esteri.it\/?p=3428"},"modified":"2025-09-03T11:56:28","modified_gmt":"2025-09-03T15:56:28","slug":"un-caso-para-montalbano-en-cuba-concurso-de-historietas","status":"publish","type":"post","link":"https:\/\/amblavana.esteri.it\/es\/news\/dall_ambasciata\/2025\/08\/un-caso-para-montalbano-en-cuba-concurso-de-historietas\/","title":{"rendered":"UN CASO PARA MONTALBANO EN CUBA: CONCURSO DE HISTORIETAS"},"content":{"rendered":"<p style=\"text-align: justify;\">La Embajada de Italia y el Centro Cultural Vitrina de Valonia, de la Oficina del Historiador de la Ciudad de La Habana, convocan al concurso \u00abUn caso para Montalbano en Cuba\u00bb, con el objetivo de acercar los artistas de historietas a la literatura italiana contempor\u00e1nea, valorando al mismo tiempo la creatividad, la observaci\u00f3n del contexto urbano y cultural cubano, y la capacidad de adaptar un personaje ic\u00f3nico a un nuevo entorno.<\/p>\n<p style=\"text-align: justify;\">Un homenaje especial al gran escritor italiano Andrea Camilleri, en el centenario de su nacimiento, que forma parte de las actividades oficiales de la pr\u00f3xima Semana de la Cultura Italiana en Cuba.<\/p>\n<p>\ud83d\udd39 Qui\u00e9n puede participar: j\u00f3venes ilustradores de 18 a 35 a\u00f1os<br \/>\n\ud83d\udd39 Fecha l\u00edmite para enviar propuestas: 15 de octubre de 2025<\/p>\n<p>Descubre toda la informaci\u00f3n consultando la convocatoria.<\/p>\n","protected":false},"excerpt":{"rendered":"La Embajada de Italia y el Centro Cultural Vitrina de Valonia, de la Oficina del Historiador de la Ciudad de La Habana, convocan al concurso \u00abUn caso para Montalbano en Cuba\u00bb, con el objetivo de acercar los artistas de historietas a la literatura italiana contempor\u00e1nea, valorando al mismo tiempo la creatividad, la observaci\u00f3n del contexto [&hellip;]","protected":false},"author":5,"featured_media":3366,"comment_status":"closed","ping_status":"closed","sticky":false,"template":"","format":"standard","meta":{"footnotes":""},"tags":[],"class_list":["post-3428","post","type-post","status-publish","format-standard","has-post-thumbnail","hentry"],"_links":{"self":[{"href":"https:\/\/amblavana.esteri.it\/es\/wp-json\/wp\/v2\/posts\/3428","targetHints":{"allow":["GET"]}}],"collection":[{"href":"https:\/\/amblavana.esteri.it\/es\/wp-json\/wp\/v2\/posts"}],"about":[{"href":"https:\/\/amblavana.esteri.it\/es\/wp-json\/wp\/v2\/types\/post"}],"author":[{"embeddable":true,"href":"https:\/\/amblavana.esteri.it\/es\/wp-json\/wp\/v2\/users\/5"}],"replies":[{"embeddable":true,"href":"https:\/\/amblavana.esteri.it\/es\/wp-json\/wp\/v2\/comments?post=3428"}],"version-history":[{"count":4,"href":"https:\/\/amblavana.esteri.it\/es\/wp-json\/wp\/v2\/posts\/3428\/revisions"}],"predecessor-version":[{"id":3559,"href":"https:\/\/amblavana.esteri.it\/es\/wp-json\/wp\/v2\/posts\/3428\/revisions\/3559"}],"wp:featuredmedia":[{"embeddable":true,"href":"https:\/\/amblavana.esteri.it\/es\/wp-json\/wp\/v2\/media\/3366"}],"wp:attachment":[{"href":"https:\/\/amblavana.esteri.it\/es\/wp-json\/wp\/v2\/media?parent=3428"}],"wp:term":[{"taxonomy":"post_tag","embeddable":true,"href":"https:\/\/amblavana.esteri.it\/es\/wp-json\/wp\/v2\/tags?post=3428"}],"curies":[{"name":"wp","href":"https:\/\/api.w.org\/{rel}","templated":true}]}}