{"id":3387,"date":"2025-07-31T18:26:11","date_gmt":"2025-07-31T22:26:11","guid":{"rendered":"https:\/\/amblavana.esteri.it\/?p=3387"},"modified":"2025-07-31T18:32:03","modified_gmt":"2025-07-31T22:32:03","slug":"7-becas-para-estudiantes-internacionales-ya-inscritos-en-el-gmpam-teatro","status":"publish","type":"post","link":"https:\/\/amblavana.esteri.it\/es\/news\/dall_ambasciata\/2025\/07\/7-becas-para-estudiantes-internacionales-ya-inscritos-en-el-gmpam-teatro\/","title":{"rendered":"Academia de Artes y Oficios del Espect\u00e1culo Teatro alla Scala"},"content":{"rendered":"<p>La Academia del Teatro alla Scala est\u00e1 considerada como una de las instituciones m\u00e1s prestigiosas para la formaci\u00f3n de todos los profesionales que trabajan en el mundo del espect\u00e1culo en directo: art\u00edsticos, t\u00e9cnicos y directivos. La oferta formativa se articula en cuatro departamentos (M\u00fasica, Danza, Escenario-Talleres, Gesti\u00f3n) con una treintena de cursos a los que asisten cada a\u00f1o m\u00e1s de 1700 alumnos.<\/p>\n<p>Entre las actividades que se promueven se encuentran el curso de perfeccionamiento de la <strong>Academia para cantantes l\u00edricos<\/strong> y el <strong>M\u00e1ster Global en \u00abGesti\u00f3n de las Artes Esc\u00e9nicas\u00bb<\/strong>. Para ambos cursos, el MAECI ofrece becas a estudiantes extranjeros.<\/p>\n<p>M\u00e1s informaci\u00f3n disponible en el enlace\u00a0<a href=\"https:\/\/www.accademialascala.it\/\">ACADEMIA TEATRO LA SCALA (accademialascala.it)<\/a><\/p>\n<p><strong>Academia de perfeccionamiento para cantantes l\u00edricos<\/strong><\/p>\n<p>Para el a\u00f1o acad\u00e9mico 2025-2026, el MAECI ofrecer\u00e1 hasta un m\u00e1ximo de 10 becas a estudiantes extranjeros. Tendr\u00e1n una duraci\u00f3n de 9 meses a partir del 1 de enero de 2026.<\/p>\n<p>Las inscripciones para las selecciones de la Academia est\u00e1n abiertas hasta el 9 de abril de 2025. Para m\u00e1s informaci\u00f3n: <a href=\"https:\/\/www.accademialascala.it\/musica\/corso-per-cantanti-lirici\">Corso de perfeccionamiento para cantantes liricos<\/a><\/p>\n<p><strong>Global Master in Performing Arts Management<\/strong><\/p>\n<p>Para el a\u00f1o acad\u00e9mico 2025-2026, el MAECI ofrecer\u00e1 hasta un m\u00e1ximo de 9 becas a estudiantes extranjeros. Estas tendr\u00e1n una duraci\u00f3n de 6 meses a partir del 1 de enero de 2026.<\/p>\n<p>Las inscripciones para las selecciones de la Academia est\u00e1n abiertas hasta el 1 de octubre para los estudiantes ciudadanos de los Estados miembros de la Uni\u00f3n Europea, y hasta el 17 de septiembre para los ciudadanos de los Estados no miembros. Para m\u00e1s informaci\u00f3n: <a href=\"https:\/\/www.accademialascala.it\/management\/master-in-performing-arts-management\">Global master in performing arts management<\/a><\/p>\n","protected":false},"excerpt":{"rendered":"La Academia del Teatro alla Scala est\u00e1 considerada como una de las instituciones m\u00e1s prestigiosas para la formaci\u00f3n de todos los profesionales que trabajan en el mundo del espect\u00e1culo en directo: art\u00edsticos, t\u00e9cnicos y directivos. La oferta formativa se articula en cuatro departamentos (M\u00fasica, Danza, Escenario-Talleres, Gesti\u00f3n) con una treintena de cursos a los que [&hellip;]","protected":false},"author":5,"featured_media":3399,"comment_status":"closed","ping_status":"closed","sticky":false,"template":"","format":"standard","meta":{"footnotes":""},"tags":[],"class_list":["post-3387","post","type-post","status-publish","format-standard","has-post-thumbnail","hentry"],"_links":{"self":[{"href":"https:\/\/amblavana.esteri.it\/es\/wp-json\/wp\/v2\/posts\/3387","targetHints":{"allow":["GET"]}}],"collection":[{"href":"https:\/\/amblavana.esteri.it\/es\/wp-json\/wp\/v2\/posts"}],"about":[{"href":"https:\/\/amblavana.esteri.it\/es\/wp-json\/wp\/v2\/types\/post"}],"author":[{"embeddable":true,"href":"https:\/\/amblavana.esteri.it\/es\/wp-json\/wp\/v2\/users\/5"}],"replies":[{"embeddable":true,"href":"https:\/\/amblavana.esteri.it\/es\/wp-json\/wp\/v2\/comments?post=3387"}],"version-history":[{"count":6,"href":"https:\/\/amblavana.esteri.it\/es\/wp-json\/wp\/v2\/posts\/3387\/revisions"}],"predecessor-version":[{"id":3411,"href":"https:\/\/amblavana.esteri.it\/es\/wp-json\/wp\/v2\/posts\/3387\/revisions\/3411"}],"wp:featuredmedia":[{"embeddable":true,"href":"https:\/\/amblavana.esteri.it\/es\/wp-json\/wp\/v2\/media\/3399"}],"wp:attachment":[{"href":"https:\/\/amblavana.esteri.it\/es\/wp-json\/wp\/v2\/media?parent=3387"}],"wp:term":[{"taxonomy":"post_tag","embeddable":true,"href":"https:\/\/amblavana.esteri.it\/es\/wp-json\/wp\/v2\/tags?post=3387"}],"curies":[{"name":"wp","href":"https:\/\/api.w.org\/{rel}","templated":true}]}}