{"id":3350,"date":"2025-07-08T10:08:14","date_gmt":"2025-07-08T14:08:14","guid":{"rendered":"https:\/\/amblavana.esteri.it\/?p=3350"},"modified":"2025-07-08T10:09:23","modified_gmt":"2025-07-08T14:09:23","slug":"convocatoria-de-becas-del-gobierno-italiano-a-a-2025-2026-para-estudiantes-extranjeros-clasificacion","status":"publish","type":"post","link":"https:\/\/amblavana.esteri.it\/es\/news\/dall_ambasciata\/2025\/07\/convocatoria-de-becas-del-gobierno-italiano-a-a-2025-2026-para-estudiantes-extranjeros-clasificacion\/","title":{"rendered":"CONVOCATORIA DE BECAS DEL GOBIERNO ITALIANO A.A. 2025-2026 PARA ESTUDIANTES EXTRANJEROS. CLASIFICACI\u00d3N"},"content":{"rendered":"<p>Se informa que se ha concluido el procedimiento de selecci\u00f3n para la asignaci\u00f3n de las becas de estudio ofrecidas por el Gobierno italiano relativo a la convocatoria publicada en este sitio el 23\/4\/2025. Sobre la base de las evaluaciones obtenidas de cada uno de los candidatos, fue elaborada la correspondiente lista de clasificaci\u00f3n, indicando ganadores<\/p>\n","protected":false},"excerpt":{"rendered":"Se informa que se ha concluido el procedimiento de selecci\u00f3n para la asignaci\u00f3n de las becas de estudio ofrecidas por el Gobierno italiano relativo a la convocatoria publicada en este sitio el 23\/4\/2025. Sobre la base de las evaluaciones obtenidas de cada uno de los candidatos, fue elaborada la correspondiente lista de clasificaci\u00f3n, indicando ganadores","protected":false},"author":9,"featured_media":0,"comment_status":"closed","ping_status":"closed","sticky":false,"template":"","format":"standard","meta":{"footnotes":""},"tags":[],"class_list":["post-3350","post","type-post","status-publish","format-standard","hentry"],"_links":{"self":[{"href":"https:\/\/amblavana.esteri.it\/es\/wp-json\/wp\/v2\/posts\/3350","targetHints":{"allow":["GET"]}}],"collection":[{"href":"https:\/\/amblavana.esteri.it\/es\/wp-json\/wp\/v2\/posts"}],"about":[{"href":"https:\/\/amblavana.esteri.it\/es\/wp-json\/wp\/v2\/types\/post"}],"author":[{"embeddable":true,"href":"https:\/\/amblavana.esteri.it\/es\/wp-json\/wp\/v2\/users\/9"}],"replies":[{"embeddable":true,"href":"https:\/\/amblavana.esteri.it\/es\/wp-json\/wp\/v2\/comments?post=3350"}],"version-history":[{"count":1,"href":"https:\/\/amblavana.esteri.it\/es\/wp-json\/wp\/v2\/posts\/3350\/revisions"}],"predecessor-version":[{"id":3352,"href":"https:\/\/amblavana.esteri.it\/es\/wp-json\/wp\/v2\/posts\/3350\/revisions\/3352"}],"wp:attachment":[{"href":"https:\/\/amblavana.esteri.it\/es\/wp-json\/wp\/v2\/media?parent=3350"}],"wp:term":[{"taxonomy":"post_tag","embeddable":true,"href":"https:\/\/amblavana.esteri.it\/es\/wp-json\/wp\/v2\/tags?post=3350"}],"curies":[{"name":"wp","href":"https:\/\/api.w.org\/{rel}","templated":true}]}}