{"id":3309,"date":"2025-06-30T18:02:20","date_gmt":"2025-06-30T22:02:20","guid":{"rendered":"https:\/\/amblavana.esteri.it\/?p=3309"},"modified":"2025-07-01T11:46:26","modified_gmt":"2025-07-01T15:46:26","slug":"3309","status":"publish","type":"post","link":"https:\/\/amblavana.esteri.it\/es\/news\/dall_ambasciata\/2025\/06\/3309\/","title":{"rendered":""},"content":{"rendered":"<p style=\"text-align: justify;\"><strong>Del 2 al 13 de julio de 2025<\/strong>\u00a0la cuarta edici\u00f3n de <strong>\u00abOrizzonti Italia &#8211; Cuba\u00bb, el Festival del Audiovisual Italiano en La Habana<\/strong>, se prepara para celebrar la riqueza del cine italiano con una programaci\u00f3n dedicada a pel\u00edculas cl\u00e1sicas y contempor\u00e1neas. El Festival, producido por el <strong>Grupo Magale en colaboraci\u00f3n con el ICAIC y la Cinemateca de Cuba, con el patrocinio del Ministerio de Cultura y la Embajada de Italia en La Habana<\/strong>, ser\u00e1 una ocasi\u00f3n imperdible para los apasionados del cine que podr\u00e1n disfrutar de largometrajes, cortometrajes y documentales.<\/p>\n<p style=\"text-align: justify;\">La <strong>edici\u00f3n de 2025<\/strong> se enriquece gracias a la <strong>colaboraci\u00f3n con la Embajada de Suiza en La Habana<\/strong> y a la iniciativa \u00ab<strong>Fare Cinema<\/strong>\u00bb <strong>del Ministerio de Asuntos Exteriores y de la Cooperaci\u00f3n Internacional.<\/strong><\/p>\n<p style=\"text-align: justify;\">La <strong>conferencia de prensa<\/strong> tendr\u00e1 lugar el mi\u00e9rcoles 2 de julio, a las 10.00 horas, <strong>en los locales del 1830.<\/strong><\/p>\n<p style=\"text-align: justify;\">Para m\u00e1s informaci\u00f3n, visita <a href=\"https:\/\/www.orizzontihub.com\/\">www.orizzontihub.com<\/a><\/p>\n<p>&nbsp;<\/p>\n","protected":false},"excerpt":{"rendered":"Del 2 al 13 de julio de 2025\u00a0la cuarta edici\u00f3n de \u00abOrizzonti Italia &#8211; Cuba\u00bb, el Festival del Audiovisual Italiano en La Habana, se prepara para celebrar la riqueza del cine italiano con una programaci\u00f3n dedicada a pel\u00edculas cl\u00e1sicas y contempor\u00e1neas. El Festival, producido por el Grupo Magale en colaboraci\u00f3n con el ICAIC y la [&hellip;]","protected":false},"author":5,"featured_media":0,"comment_status":"closed","ping_status":"closed","sticky":false,"template":"","format":"standard","meta":{"footnotes":""},"tags":[],"class_list":["post-3309","post","type-post","status-publish","format-standard","hentry"],"_links":{"self":[{"href":"https:\/\/amblavana.esteri.it\/es\/wp-json\/wp\/v2\/posts\/3309","targetHints":{"allow":["GET"]}}],"collection":[{"href":"https:\/\/amblavana.esteri.it\/es\/wp-json\/wp\/v2\/posts"}],"about":[{"href":"https:\/\/amblavana.esteri.it\/es\/wp-json\/wp\/v2\/types\/post"}],"author":[{"embeddable":true,"href":"https:\/\/amblavana.esteri.it\/es\/wp-json\/wp\/v2\/users\/5"}],"replies":[{"embeddable":true,"href":"https:\/\/amblavana.esteri.it\/es\/wp-json\/wp\/v2\/comments?post=3309"}],"version-history":[{"count":2,"href":"https:\/\/amblavana.esteri.it\/es\/wp-json\/wp\/v2\/posts\/3309\/revisions"}],"predecessor-version":[{"id":3314,"href":"https:\/\/amblavana.esteri.it\/es\/wp-json\/wp\/v2\/posts\/3309\/revisions\/3314"}],"wp:attachment":[{"href":"https:\/\/amblavana.esteri.it\/es\/wp-json\/wp\/v2\/media?parent=3309"}],"wp:term":[{"taxonomy":"post_tag","embeddable":true,"href":"https:\/\/amblavana.esteri.it\/es\/wp-json\/wp\/v2\/tags?post=3309"}],"curies":[{"name":"wp","href":"https:\/\/api.w.org\/{rel}","templated":true}]}}