{"id":2819,"date":"2024-11-05T17:56:24","date_gmt":"2024-11-05T21:56:24","guid":{"rendered":"https:\/\/amblavana.esteri.it\/?p=2819"},"modified":"2024-11-05T17:59:02","modified_gmt":"2024-11-05T21:59:02","slug":"cierre-de-la-embajada-6-de-noviembre-de-2024","status":"publish","type":"post","link":"https:\/\/amblavana.esteri.it\/es\/news\/dall_ambasciata\/2024\/11\/cierre-de-la-embajada-6-de-noviembre-de-2024\/","title":{"rendered":"CIERRE DE LA EMBAJADA 6 DE NOVIEMBRE DE 2024"},"content":{"rendered":"<p>Se informa al amable p\u00fablico que el mi\u00e9rcoles 6 de noviembre la Embajada de Italia permanecer\u00e1 cerrada debido a las adversas condiciones meteorol\u00f3gicas . Durante el d\u00eda de ma\u00f1ana se evaluar\u00e1 la posibilidad de extender el cierre tambi\u00e9n al jueves 7 de noviembre. Se proporcionar\u00e1n actualizaciones adicionales a trav\u00e9s del sitio web y las redes sociales de la Embajada.<\/p>\n","protected":false},"excerpt":{"rendered":"Se informa al amable p\u00fablico que el mi\u00e9rcoles 6 de noviembre la Embajada de Italia permanecer\u00e1 cerrada debido a las adversas condiciones meteorol\u00f3gicas . Durante el d\u00eda de ma\u00f1ana se evaluar\u00e1 la posibilidad de extender el cierre tambi\u00e9n al jueves 7 de noviembre. Se proporcionar\u00e1n actualizaciones adicionales a trav\u00e9s del sitio web y las redes [&hellip;]","protected":false},"author":5,"featured_media":0,"comment_status":"closed","ping_status":"closed","sticky":false,"template":"","format":"standard","meta":{"footnotes":""},"tags":[],"class_list":["post-2819","post","type-post","status-publish","format-standard","hentry"],"_links":{"self":[{"href":"https:\/\/amblavana.esteri.it\/es\/wp-json\/wp\/v2\/posts\/2819","targetHints":{"allow":["GET"]}}],"collection":[{"href":"https:\/\/amblavana.esteri.it\/es\/wp-json\/wp\/v2\/posts"}],"about":[{"href":"https:\/\/amblavana.esteri.it\/es\/wp-json\/wp\/v2\/types\/post"}],"author":[{"embeddable":true,"href":"https:\/\/amblavana.esteri.it\/es\/wp-json\/wp\/v2\/users\/5"}],"replies":[{"embeddable":true,"href":"https:\/\/amblavana.esteri.it\/es\/wp-json\/wp\/v2\/comments?post=2819"}],"version-history":[{"count":1,"href":"https:\/\/amblavana.esteri.it\/es\/wp-json\/wp\/v2\/posts\/2819\/revisions"}],"predecessor-version":[{"id":2822,"href":"https:\/\/amblavana.esteri.it\/es\/wp-json\/wp\/v2\/posts\/2819\/revisions\/2822"}],"wp:attachment":[{"href":"https:\/\/amblavana.esteri.it\/es\/wp-json\/wp\/v2\/media?parent=2819"}],"wp:term":[{"taxonomy":"post_tag","embeddable":true,"href":"https:\/\/amblavana.esteri.it\/es\/wp-json\/wp\/v2\/tags?post=2819"}],"curies":[{"name":"wp","href":"https:\/\/api.w.org\/{rel}","templated":true}]}}