{"id":2274,"date":"2024-03-20T14:31:11","date_gmt":"2024-03-20T18:31:11","guid":{"rendered":"https:\/\/amblavana.esteri.it\/?p=2274"},"modified":"2024-03-20T17:25:51","modified_gmt":"2024-03-20T21:25:51","slug":"mision-en-cuba-del-subsecretario-giorgio-silli-18-20-marzo","status":"publish","type":"post","link":"https:\/\/amblavana.esteri.it\/es\/news\/dall_ambasciata\/2024\/03\/mision-en-cuba-del-subsecretario-giorgio-silli-18-20-marzo\/","title":{"rendered":"Misi\u00f3n en Cuba del Subsecretario Giorgio Silli (18-20 marzo)"},"content":{"rendered":"<p style=\"text-align: justify;\">El Subsecretario de Estado de Asuntos Exteriores y de la Cooperaci\u00f3n Internacional Giorgio Silli realiz\u00f3 una visita institucional a Cuba del 18 al 20 de marzo.<\/p>\n<p style=\"text-align: justify;\">Durante la misi\u00f3n en la Habana el Subsecretario co-presidi\u00f3 con la Viceministra de Asuntos Exteriores Anayansi Rodr\u00edguez la VII Sesi\u00f3n de Di\u00e1logo Pol\u00edtico, activo desde el 2011 y enfocado en las relaciones pol\u00edticas y econ\u00f3micas, oportunidades de inversi\u00f3n y el estado de las negociaciones sobre los Acuerdos bilaterales.<\/p>\n<p style=\"text-align: justify;\">Entre los temas multilaterales fueron abordados el cambio clim\u00e1tico y el desarrollo sostenible, y fue efectuado un intercambio de puntos de vista sobre las principales cuestiones de actualidad internacional, inclu\u00edda la crisis haitiana, el conflicto ruso-ucraniano y la situaci\u00f3n en el Oriente Medio.<\/p>\n<p style=\"text-align: justify;\">Al margen de la Sesi\u00f3n de Di\u00e1logo pol\u00edtico, el Subsecretario Silli se reuni\u00f3 tambi\u00e9n con el Ministro de Relaciones Exteriores Bruno Rodr\u00edguez Parrilla, el Viceministro de Cultura, Fernando Le\u00f3n Jacomino, y el Viceministro de Comercio Exterior y de la Inversi\u00f3n Extranjera, Oscar Perez- Oliva Fraga, as\u00ed como con una cualificada representaci\u00f3n de la comunidad italiana activa en el pa\u00eds.<\/p>\n","protected":false},"excerpt":{"rendered":"El Subsecretario de Estado de Asuntos Exteriores y de la Cooperaci\u00f3n Internacional Giorgio Silli realiz\u00f3 una visita institucional a Cuba del 18 al 20 de marzo. Durante la misi\u00f3n en la Habana el Subsecretario co-presidi\u00f3 con la Viceministra de Asuntos Exteriores Anayansi Rodr\u00edguez la VII Sesi\u00f3n de Di\u00e1logo Pol\u00edtico, activo desde el 2011 y enfocado [&hellip;]","protected":false},"author":5,"featured_media":0,"comment_status":"closed","ping_status":"closed","sticky":false,"template":"","format":"standard","meta":{"footnotes":""},"tags":[],"class_list":["post-2274","post","type-post","status-publish","format-standard","hentry"],"_links":{"self":[{"href":"https:\/\/amblavana.esteri.it\/es\/wp-json\/wp\/v2\/posts\/2274","targetHints":{"allow":["GET"]}}],"collection":[{"href":"https:\/\/amblavana.esteri.it\/es\/wp-json\/wp\/v2\/posts"}],"about":[{"href":"https:\/\/amblavana.esteri.it\/es\/wp-json\/wp\/v2\/types\/post"}],"author":[{"embeddable":true,"href":"https:\/\/amblavana.esteri.it\/es\/wp-json\/wp\/v2\/users\/5"}],"replies":[{"embeddable":true,"href":"https:\/\/amblavana.esteri.it\/es\/wp-json\/wp\/v2\/comments?post=2274"}],"version-history":[{"count":2,"href":"https:\/\/amblavana.esteri.it\/es\/wp-json\/wp\/v2\/posts\/2274\/revisions"}],"predecessor-version":[{"id":2279,"href":"https:\/\/amblavana.esteri.it\/es\/wp-json\/wp\/v2\/posts\/2274\/revisions\/2279"}],"wp:attachment":[{"href":"https:\/\/amblavana.esteri.it\/es\/wp-json\/wp\/v2\/media?parent=2274"}],"wp:term":[{"taxonomy":"post_tag","embeddable":true,"href":"https:\/\/amblavana.esteri.it\/es\/wp-json\/wp\/v2\/tags?post=2274"}],"curies":[{"name":"wp","href":"https:\/\/api.w.org\/{rel}","templated":true}]}}