{"id":2196,"date":"2024-02-14T13:08:46","date_gmt":"2024-02-14T17:08:46","guid":{"rendered":"https:\/\/amblavana.esteri.it\/?p=2196"},"modified":"2024-02-14T13:40:56","modified_gmt":"2024-02-14T17:40:56","slug":"participacion-italiana-en-la-32a-feria-internacional-del-libro-de-la-habana","status":"publish","type":"post","link":"https:\/\/amblavana.esteri.it\/es\/news\/dall_ambasciata\/2024\/02\/participacion-italiana-en-la-32a-feria-internacional-del-libro-de-la-habana\/","title":{"rendered":"Participaci\u00f3n italiana en la 32a \u00abFeria Internacional del Libro de la Habana\u00bb"},"content":{"rendered":"<p style=\"text-align: justify;\"><strong>Del 15 al 25 de febrero<\/strong> ser\u00e1 celebrada en la Habana la 32a edici\u00f3n de la <strong>Feria Internacional del Libro<\/strong> en el Parque Hist\u00f3rico Militar-Morro Caba\u00f1a, sede habitual de este evento. Este a\u00f1o con la tem\u00e1tica <em>Leer es construir identidad\u00a0<\/em>se pretende promover la lectura como una de las principales actividades para la formaci\u00f3n de la conciencia individual y colectiva.<\/p>\n<p style=\"text-align: justify;\">En esta ocasi\u00f3n, Italia estar\u00e1 presente en el stand de la Uni\u00f3n Europea con los siguientes libros:<\/p>\n<ul>\n<li style=\"text-align: justify;\">\u201cPimpa viaja por Italia\u201d del historietista Francesco Tullio Altan<\/li>\n<li style=\"text-align: justify;\">\u201cNuestros antepasados\u201d, trilog\u00eda compuesta por \u00abEl vizconde demediado\u00bb, \u00abEl bar\u00f3n rampante\u00bb y \u00abEl caballero inexistente\u00bb, del escritor italiano Italo Calvino<\/li>\n<li style=\"text-align: justify;\">\u201cLas mil maravillas, un viaje al descubrimiento de Italia\u201d e \u201cLas mil maravillas azules, un viaje al descubrimiento de Italia\u201d ambos de la escritora Elisabetta Dami<\/li>\n<li style=\"text-align: justify;\">\u201cItalia e Cuba \/ Cuba e Italia: encuentros y nuevas identidades (siglos XV-XXI)\u201d editado por Laura Gaffuri, Sergio Guerra Vilaboy y Andrea Trisciuoglio<\/li>\n<li style=\"text-align: justify;\">\u201cEl \u00faltimo agricultor\u201d de la escritora Maria Chiara Ferri<\/li>\n<\/ul>\n<p>&nbsp;<\/p>\n","protected":false},"excerpt":{"rendered":"Del 15 al 25 de febrero ser\u00e1 celebrada en la Habana la 32a edici\u00f3n de la Feria Internacional del Libro en el Parque Hist\u00f3rico Militar-Morro Caba\u00f1a, sede habitual de este evento. Este a\u00f1o con la tem\u00e1tica Leer es construir identidad\u00a0se pretende promover la lectura como una de las principales actividades para la formaci\u00f3n de la [&hellip;]","protected":false},"author":5,"featured_media":2184,"comment_status":"closed","ping_status":"closed","sticky":false,"template":"","format":"standard","meta":{"footnotes":""},"tags":[],"class_list":["post-2196","post","type-post","status-publish","format-standard","has-post-thumbnail","hentry"],"_links":{"self":[{"href":"https:\/\/amblavana.esteri.it\/es\/wp-json\/wp\/v2\/posts\/2196","targetHints":{"allow":["GET"]}}],"collection":[{"href":"https:\/\/amblavana.esteri.it\/es\/wp-json\/wp\/v2\/posts"}],"about":[{"href":"https:\/\/amblavana.esteri.it\/es\/wp-json\/wp\/v2\/types\/post"}],"author":[{"embeddable":true,"href":"https:\/\/amblavana.esteri.it\/es\/wp-json\/wp\/v2\/users\/5"}],"replies":[{"embeddable":true,"href":"https:\/\/amblavana.esteri.it\/es\/wp-json\/wp\/v2\/comments?post=2196"}],"version-history":[{"count":1,"href":"https:\/\/amblavana.esteri.it\/es\/wp-json\/wp\/v2\/posts\/2196\/revisions"}],"predecessor-version":[{"id":2198,"href":"https:\/\/amblavana.esteri.it\/es\/wp-json\/wp\/v2\/posts\/2196\/revisions\/2198"}],"wp:featuredmedia":[{"embeddable":true,"href":"https:\/\/amblavana.esteri.it\/es\/wp-json\/wp\/v2\/media\/2184"}],"wp:attachment":[{"href":"https:\/\/amblavana.esteri.it\/es\/wp-json\/wp\/v2\/media?parent=2196"}],"wp:term":[{"taxonomy":"post_tag","embeddable":true,"href":"https:\/\/amblavana.esteri.it\/es\/wp-json\/wp\/v2\/tags?post=2196"}],"curies":[{"name":"wp","href":"https:\/\/api.w.org\/{rel}","templated":true}]}}