{"id":1752,"date":"2005-05-17T15:23:51","date_gmt":"2005-05-17T19:23:51","guid":{"rendered":"https:\/\/amblavana.esteri.it\/news\/dall_ambasciata\/2005\/05\/test-news-2\/"},"modified":"2005-05-17T15:23:51","modified_gmt":"2005-05-17T19:23:51","slug":"test-news-2","status":"publish","type":"post","link":"https:\/\/amblavana.esteri.it\/es\/news\/dall_ambasciata\/2005\/05\/test-news-2\/","title":{"rendered":"XVI Semana de la Cultura Italiana en Cuba (7)"},"content":{"rendered":"<p><P>La jornada de clausura de la Semana de la Cultura Italiana se desarroll\u00f3 eminentemente en la \u201cCasa Garibaldi\u201d en conmemoraci\u00f3n a Calvino con la especial interpretaci\u00f3n de Franco Cardellino \u201cTodo en un punto\u201d inspirada en las Cosmicomicas, y con la tradicional Mesa Redonda dedicada al tema de la\u00a0 Emigraci\u00f3n y Presencia Italiana en Cuba, moderada por el Prof. Domenico Capolongo. Seguidamente la presentaci\u00f3n del libro \u201cDa Lavagna a La Habana\u201d, de Raffaele Ciccarelli, editado por Maretti, y la inauguraci\u00f3n de la VI edici\u00f3n de la exposici\u00f3n Emigrantes y Familias de origen italiano en Cuba.<BR>En el Teatro de la Orden Tercera, ubicado en el complejo de la Basilica Menor de San Francisco de Asis donde fuera inaugurada la Semana Cultural, se llev\u00f3 a cabo un divertido y delicioso espect\u00e1culo teatral \u201cComedy Show\u201d de y con Giorgio Donati y Jacob Olesen, con la participaci\u00f3n del grupo teatral \u201cLa Colmenita\u201d.<BR>Ultimo evento en programa, el espect\u00e1culo de los j\u00f3venes que pretenden continuar la tradici\u00f3n de los \u201crepentistas\u201d (trovadores, cuentistas, improvisadores) en la provincia de Mayabeque, a 80 km de La Habana, realizado en colaboraci\u00f3n con Proyecto Punto Cubano, financiado por la UE y las ONG COSPE y GIANO.<BR><\/P><\/p>\n","protected":false},"excerpt":{"rendered":"La jornada de clausura de la Semana de la Cultura Italiana se desarroll\u00f3 eminentemente en la \u201cCasa Garibaldi\u201d en conmemoraci\u00f3n a Calvino con la especial interpretaci\u00f3n de Franco Cardellino \u201cTodo en un punto\u201d inspirada en las Cosmicomicas, y con la tradicional Mesa Redonda dedicada al tema de la\u00a0 Emigraci\u00f3n y Presencia Italiana en Cuba, moderada [&hellip;]","protected":false},"author":1,"featured_media":0,"comment_status":"","ping_status":"","sticky":false,"template":"","format":"standard","meta":{"footnotes":""},"tags":[],"class_list":["post-1752","post","type-post","status-publish","format-standard","hentry"],"_links":{"self":[{"href":"https:\/\/amblavana.esteri.it\/es\/wp-json\/wp\/v2\/posts\/1752","targetHints":{"allow":["GET"]}}],"collection":[{"href":"https:\/\/amblavana.esteri.it\/es\/wp-json\/wp\/v2\/posts"}],"about":[{"href":"https:\/\/amblavana.esteri.it\/es\/wp-json\/wp\/v2\/types\/post"}],"author":[{"embeddable":true,"href":"https:\/\/amblavana.esteri.it\/es\/wp-json\/wp\/v2\/users\/1"}],"replies":[{"embeddable":true,"href":"https:\/\/amblavana.esteri.it\/es\/wp-json\/wp\/v2\/comments?post=1752"}],"version-history":[{"count":0,"href":"https:\/\/amblavana.esteri.it\/es\/wp-json\/wp\/v2\/posts\/1752\/revisions"}],"wp:attachment":[{"href":"https:\/\/amblavana.esteri.it\/es\/wp-json\/wp\/v2\/media?parent=1752"}],"wp:term":[{"taxonomy":"post_tag","embeddable":true,"href":"https:\/\/amblavana.esteri.it\/es\/wp-json\/wp\/v2\/tags?post=1752"}],"curies":[{"name":"wp","href":"https:\/\/api.w.org\/{rel}","templated":true}]}}