{"id":1742,"date":"2007-05-07T18:06:59","date_gmt":"2007-05-07T22:06:59","guid":{"rendered":"https:\/\/amblavana.esteri.it\/news\/dall_ambasciata\/2007\/05\/news07052007-2\/"},"modified":"2007-05-07T18:06:59","modified_gmt":"2007-05-07T22:06:59","slug":"news07052007-2","status":"publish","type":"post","link":"https:\/\/amblavana.esteri.it\/es\/news\/dall_ambasciata\/2007\/05\/news07052007-2\/","title":{"rendered":"FECONS 2014"},"content":{"rendered":"<p><P>La edici\u00f3n 2014 de la FECONS (Feria Internacional de la Construcci\u00f3n), que tuvo lugar en La Habana del 8 al 12 del pasado mes de abril, evidenci\u00f3 una vez m\u00e1s la considerable presencia de empresas italianas (segundas en n\u00famero luego de las espa\u00f1olas). En su visita a la Feria, el Embajador Robustelli pudo constatar como el inter\u00e9s empresarial italiano en el mercado cubano en este <\/P><P><BR><BR><IMG border=\"0\" alt=\"f2\" src=\"\/resource\/2014\/05\/77835_f_amb61FECONSeAmbRobustelli1.jpg\"><\/P><\/p>\n","protected":false},"excerpt":{"rendered":"La edici\u00f3n 2014 de la FECONS (Feria Internacional de la Construcci\u00f3n), que tuvo lugar en La Habana del 8 al 12 del pasado mes de abril, evidenci\u00f3 una vez m\u00e1s la considerable presencia de empresas italianas (segundas en n\u00famero luego de las espa\u00f1olas). En su visita a la Feria, el Embajador Robustelli pudo constatar como [&hellip;]","protected":false},"author":1,"featured_media":0,"comment_status":"","ping_status":"","sticky":false,"template":"","format":"standard","meta":{"footnotes":""},"tags":[],"class_list":["post-1742","post","type-post","status-publish","format-standard","hentry"],"_links":{"self":[{"href":"https:\/\/amblavana.esteri.it\/es\/wp-json\/wp\/v2\/posts\/1742","targetHints":{"allow":["GET"]}}],"collection":[{"href":"https:\/\/amblavana.esteri.it\/es\/wp-json\/wp\/v2\/posts"}],"about":[{"href":"https:\/\/amblavana.esteri.it\/es\/wp-json\/wp\/v2\/types\/post"}],"author":[{"embeddable":true,"href":"https:\/\/amblavana.esteri.it\/es\/wp-json\/wp\/v2\/users\/1"}],"replies":[{"embeddable":true,"href":"https:\/\/amblavana.esteri.it\/es\/wp-json\/wp\/v2\/comments?post=1742"}],"version-history":[{"count":0,"href":"https:\/\/amblavana.esteri.it\/es\/wp-json\/wp\/v2\/posts\/1742\/revisions"}],"wp:attachment":[{"href":"https:\/\/amblavana.esteri.it\/es\/wp-json\/wp\/v2\/media?parent=1742"}],"wp:term":[{"taxonomy":"post_tag","embeddable":true,"href":"https:\/\/amblavana.esteri.it\/es\/wp-json\/wp\/v2\/tags?post=1742"}],"curies":[{"name":"wp","href":"https:\/\/api.w.org\/{rel}","templated":true}]}}