{"id":1738,"date":"2007-10-16T13:47:51","date_gmt":"2007-10-16T17:47:51","guid":{"rendered":"https:\/\/amblavana.esteri.it\/news\/dall_ambasciata\/2007\/10\/news16102007-3\/"},"modified":"2007-10-16T13:47:51","modified_gmt":"2007-10-16T17:47:51","slug":"news16102007-3","status":"publish","type":"post","link":"https:\/\/amblavana.esteri.it\/es\/news\/dall_ambasciata\/2007\/10\/news16102007-3\/","title":{"rendered":"FERIA INTERNACIONAL DEL LIBRO"},"content":{"rendered":"<p><SPAN id=\"Data\"><P style=\"MARGIN: 0cm 0cm 0pt\" class=\"MsoNormal\"><SPAN style=\"FONT-FAMILY: Arial; mso-ansi-language: ES-TRAD\" lang=\"ES-TRAD\"><FONT size=\"3\"><FONT color=\"#000000\"><\/FONT><\/FONT><\/SPAN><\/P><br \/>\n<P style=\"MARGIN: 0cm 0cm 0pt\" class=\"MsoNormal\"><SPAN style=\"FONT-FAMILY: Arial; mso-ansi-language: ES-TRAD\" lang=\"ES-TRAD\">El 13 de febrero, en una de las salas de la Fortaleza de La Caba\u00f1a, sede de la Feria Internacional del Libro, el Embajador Robustelli particip\u00f3 en la presentaci\u00f3n del volumen \u201cCuba: Escuelas Nacionales de Arte\u201d, junto a uno de sus curadores, Claudio Machetti (ARCI), a Daniele Lorenzi, de la Direcci\u00f3n Nacional ARCI y al arquitecto Roberto Gottardi.<BR>La edici\u00f3n en tres idiomas (italiano, espa\u00f1ol e ingl\u00e9s) est\u00e1 dedicada a los arquitectos italianos Vittorio Garatti y Roberto Gottardi y al arquitecto cubano Ricardo Porro y a su proyecto de un centro de formaci\u00f3n art\u00edstica \u00fanico en su g\u00e9nero. Por este libro los tres arquitectos recibieron en Roma el Premio \u201cDe Sica\u201d por parte del Presidente de la Rep\u00fablica Giorgio Napolitano. El d\u00eda anterior, siempre en presencia del Embajador Robustelli, el libro fue igualmente presentado en la sede del ISA.<\/SPAN><\/P><br \/>\n<P style=\"MARGIN: 0cm 0cm 0pt\" class=\"MsoNormal\"><SPAN style=\"FONT-FAMILY: Arial; mso-ansi-language: ES-TRAD\" lang=\"ES-TRAD\">Tambi\u00e9n en el \u00e1mbito de la Feria, en la Casa Garibaldi, prestigiosa sede de la Dante Alighieri, el Embajador Robustelli dio introducci\u00f3n a la presentaci\u00f3n, por parte del propio autor, de las novelas ambientadas en Cuba por el periodista y escritor Davide Barilli. Intervinieron en los comentarios de las obras Gianni Oliva, Profesor de Literatura Italiana de la Universidad de Chieti y Giovanni Tesio, Profesor de Literatura Italiana de la Universidad de los Estudios de Piemonte Oriental.<BR><BR><IMG border=\"0\" alt=\"foto barilli \" src=\"\/resource\/2014\/06\/78179_f_amb61BarilliepresentazionelibropressoSocietDanteAlighie.jpg\"><\/SPAN><\/P><\/SPAN><\/p>\n","protected":false},"excerpt":{"rendered":"El 13 de febrero, en una de las salas de la Fortaleza de La Caba\u00f1a, sede de la Feria Internacional del Libro, el Embajador Robustelli particip\u00f3 en la presentaci\u00f3n del volumen \u201cCuba: Escuelas Nacionales de Arte\u201d, junto a uno de sus curadores, Claudio Machetti (ARCI), a Daniele Lorenzi, de la Direcci\u00f3n Nacional ARCI y al [&hellip;]","protected":false},"author":1,"featured_media":0,"comment_status":"","ping_status":"","sticky":false,"template":"","format":"standard","meta":{"footnotes":""},"tags":[],"class_list":["post-1738","post","type-post","status-publish","format-standard","hentry"],"_links":{"self":[{"href":"https:\/\/amblavana.esteri.it\/es\/wp-json\/wp\/v2\/posts\/1738","targetHints":{"allow":["GET"]}}],"collection":[{"href":"https:\/\/amblavana.esteri.it\/es\/wp-json\/wp\/v2\/posts"}],"about":[{"href":"https:\/\/amblavana.esteri.it\/es\/wp-json\/wp\/v2\/types\/post"}],"author":[{"embeddable":true,"href":"https:\/\/amblavana.esteri.it\/es\/wp-json\/wp\/v2\/users\/1"}],"replies":[{"embeddable":true,"href":"https:\/\/amblavana.esteri.it\/es\/wp-json\/wp\/v2\/comments?post=1738"}],"version-history":[{"count":0,"href":"https:\/\/amblavana.esteri.it\/es\/wp-json\/wp\/v2\/posts\/1738\/revisions"}],"wp:attachment":[{"href":"https:\/\/amblavana.esteri.it\/es\/wp-json\/wp\/v2\/media?parent=1738"}],"wp:term":[{"taxonomy":"post_tag","embeddable":true,"href":"https:\/\/amblavana.esteri.it\/es\/wp-json\/wp\/v2\/tags?post=1738"}],"curies":[{"name":"wp","href":"https:\/\/api.w.org\/{rel}","templated":true}]}}