{"id":1726,"date":"2007-11-05T13:41:21","date_gmt":"2007-11-05T17:41:21","guid":{"rendered":"https:\/\/amblavana.esteri.it\/news\/dall_ambasciata\/2007\/11\/news041107-2\/"},"modified":"2007-11-05T13:41:21","modified_gmt":"2007-11-05T17:41:21","slug":"news041107-2","status":"publish","type":"post","link":"https:\/\/amblavana.esteri.it\/es\/news\/dall_ambasciata\/2007\/11\/news041107-2\/","title":{"rendered":"PREMIO RUSPOLI"},"content":{"rendered":"<p><P>En el \u00e1mbito del Congreso de la \u201cInternational Musicological Society\u00bb, que tuvo lugar en Casa de Las Am\u00e9ricas del 17 al 21 del pasado mes de marzo, fue presentada la primera edici\u00f3n del Premio de Estudios musicol\u00f3gicos euro-latinoamericanos, vinculado al VI Concurso Internacional de M\u00fasica Barroca y Estudios Musicologicos \u201cPrincipe Francesco Maria Ruspoli\u201d, ambos curados por el Profesor Giorgio Monari, de la Universidad \u201cLa Sapienza\u201d de Roma.<BR>En esta ocasi\u00f3n, el 19 de marzo, en el marco de un evento social en la Residencia del Embajador Robustelli, el Conjunto \u201cArs Longa\u201d ofreci\u00f3 una apreciada exhibici\u00f3n de m\u00fasica barroca.<BR><BR><BR><BR><IMG border=\"0\" alt=\"ruspoli1 \" src=\"\/resource\/2014\/05\/77839_f_amb61ruspoli3.jpg\"><\/P><P><BR><BR><IMG border=\"0\" alt=\"ruspoli2 \" src=\"\/resource\/2014\/05\/77840_f_amb61ruspoli4.jpg\"><\/P><\/p>\n","protected":false},"excerpt":{"rendered":"En el \u00e1mbito del Congreso de la \u201cInternational Musicological Society\u00bb, que tuvo lugar en Casa de Las Am\u00e9ricas del 17 al 21 del pasado mes de marzo, fue presentada la primera edici\u00f3n del Premio de Estudios musicol\u00f3gicos euro-latinoamericanos, vinculado al VI Concurso Internacional de M\u00fasica Barroca y Estudios Musicologicos \u201cPrincipe Francesco Maria Ruspoli\u201d, ambos curados [&hellip;]","protected":false},"author":1,"featured_media":0,"comment_status":"","ping_status":"","sticky":false,"template":"","format":"standard","meta":{"footnotes":""},"tags":[],"class_list":["post-1726","post","type-post","status-publish","format-standard","hentry"],"_links":{"self":[{"href":"https:\/\/amblavana.esteri.it\/es\/wp-json\/wp\/v2\/posts\/1726","targetHints":{"allow":["GET"]}}],"collection":[{"href":"https:\/\/amblavana.esteri.it\/es\/wp-json\/wp\/v2\/posts"}],"about":[{"href":"https:\/\/amblavana.esteri.it\/es\/wp-json\/wp\/v2\/types\/post"}],"author":[{"embeddable":true,"href":"https:\/\/amblavana.esteri.it\/es\/wp-json\/wp\/v2\/users\/1"}],"replies":[{"embeddable":true,"href":"https:\/\/amblavana.esteri.it\/es\/wp-json\/wp\/v2\/comments?post=1726"}],"version-history":[{"count":0,"href":"https:\/\/amblavana.esteri.it\/es\/wp-json\/wp\/v2\/posts\/1726\/revisions"}],"wp:attachment":[{"href":"https:\/\/amblavana.esteri.it\/es\/wp-json\/wp\/v2\/media?parent=1726"}],"wp:term":[{"taxonomy":"post_tag","embeddable":true,"href":"https:\/\/amblavana.esteri.it\/es\/wp-json\/wp\/v2\/tags?post=1726"}],"curies":[{"name":"wp","href":"https:\/\/api.w.org\/{rel}","templated":true}]}}