{"id":1720,"date":"2008-02-15T15:17:13","date_gmt":"2008-02-15T19:17:13","guid":{"rendered":"https:\/\/amblavana.esteri.it\/news\/dall_ambasciata\/2008\/02\/news15022008-2\/"},"modified":"2008-02-15T15:17:13","modified_gmt":"2008-02-15T19:17:13","slug":"news15022008-2","status":"publish","type":"post","link":"https:\/\/amblavana.esteri.it\/es\/news\/dall_ambasciata\/2008\/02\/news15022008-2\/","title":{"rendered":"XVII Semana de la Cultura Italiana en Cuba &#8211; Primera jornada"},"content":{"rendered":"<p><P>Con una Ceremonia en el sugestivo Patio del Convento de San Francisco de As\u00eds, donde intervinieron el Embajador Carmine Robustelli y representantes de las autoridades locales (Oficina del Historiador y Ministerio de Cultura), se inici\u00f3 la XVII Semana de la Cultura Italiana en Cuba. Numerosos los participantes a la inauguraci\u00f3n quienes luego visitaron la esplendida muestra \u201cM\u00e1s all\u00e1 de la m\u00e1scara\u201d del fot\u00f3grafo Alfredo Cannatello, montada en el piso superior del patio e inspirada en las obras del artista bergamasco Franz Cancelli, una original relectura de las costumbres del Carnaval de Venecia. El p\u00fablico pudo admirar, junto a la exposici\u00f3n, la original alfombra de p\u00e9talos de flores frescas titulada \u201cArlequ\u00edn\u201d realizada, en homenaje a la obra de Cannatello por calificados Maestros de arreglos florales que llegaron expresamente desde Italia. Le sigui\u00f3, dentro la Bas\u00edlica, un concierto para viol\u00edn y piano con composiciones de la literatura virtuos\u00edstica italiana del siglo XVIII y XIX, adem\u00e1s de una obra maestra de Bach (la Chaconne en re minor) y una composici\u00f3n de Kreisler en el estilo dieciochesco italiano, interpretados por el Maestro Lucio Degani acompa\u00f1ado por la pianista Zahyli Escalona Valdivar. Invitado especial el Maestro Frank Fern\u00e1ndez quien, para el gran final, deleit\u00f3 al p\u00fablico con una premier mundial del tema del Amor (de su m\u00fasica para \u201cLa gran rebeli\u00f3n\u201d) y una apasionada interpretaci\u00f3n de la Cs\u00e1rd\u00e1s de Vittorio Monti, ambas piezas con el Maestro Degani.<BR>Al concluir el concierto el Embajador y muchos de los participantes al evento musical visitaron, al lado de la Bas\u00edlica, la Galer\u00eda Carmen Montilla para admirar la muestra \u201cReinterpretaci\u00f3n de Sandro Botticelli\u201d del pintor Giulio Gioia, artista italiano que desde hace veinte a\u00f1os vive entre Cuba e Italia y cuya \u00faltima exposici\u00f3n es un viaje donde las tonalidades delicadas de los personajes del Botticelli resurgen entre l\u00edneas y colores que experimentan el calor caribe\u00f1o.<BR>La primera jornada concluy\u00f3 con un interesante programa televisivo \u201c!Bravo!\u201d dedicado a Claudio Abbado transmitido por el \u201cCanal educativo\u201d.<BR><BR><IMG border=\"0\" alt=\"setcult1\" src=\"\/resource\/2014\/11\/83797_f_amb61DSC_0712fotoAmbcheparlaridotta1.jpg\"><BR><BR><IMG border=\"0\" alt=\"setcul2\" src=\"\/resource\/2014\/11\/83798_f_amb61DSC_0733fotobasilicaemostra1.jpg\"><BR><BR><IMG border=\"0\" alt=\"setcult3\" src=\"\/resource\/2014\/11\/83799_f_amb61DSC_0810DeganieFrankFernandez1.jpg\"><\/P><\/p>\n","protected":false},"excerpt":{"rendered":"Con una Ceremonia en el sugestivo Patio del Convento de San Francisco de As\u00eds, donde intervinieron el Embajador Carmine Robustelli y representantes de las autoridades locales (Oficina del Historiador y Ministerio de Cultura), se inici\u00f3 la XVII Semana de la Cultura Italiana en Cuba. Numerosos los participantes a la inauguraci\u00f3n quienes luego visitaron la esplendida [&hellip;]","protected":false},"author":1,"featured_media":0,"comment_status":"","ping_status":"","sticky":false,"template":"","format":"standard","meta":{"footnotes":""},"tags":[],"class_list":["post-1720","post","type-post","status-publish","format-standard","hentry"],"_links":{"self":[{"href":"https:\/\/amblavana.esteri.it\/es\/wp-json\/wp\/v2\/posts\/1720","targetHints":{"allow":["GET"]}}],"collection":[{"href":"https:\/\/amblavana.esteri.it\/es\/wp-json\/wp\/v2\/posts"}],"about":[{"href":"https:\/\/amblavana.esteri.it\/es\/wp-json\/wp\/v2\/types\/post"}],"author":[{"embeddable":true,"href":"https:\/\/amblavana.esteri.it\/es\/wp-json\/wp\/v2\/users\/1"}],"replies":[{"embeddable":true,"href":"https:\/\/amblavana.esteri.it\/es\/wp-json\/wp\/v2\/comments?post=1720"}],"version-history":[{"count":0,"href":"https:\/\/amblavana.esteri.it\/es\/wp-json\/wp\/v2\/posts\/1720\/revisions"}],"wp:attachment":[{"href":"https:\/\/amblavana.esteri.it\/es\/wp-json\/wp\/v2\/media?parent=1720"}],"wp:term":[{"taxonomy":"post_tag","embeddable":true,"href":"https:\/\/amblavana.esteri.it\/es\/wp-json\/wp\/v2\/tags?post=1720"}],"curies":[{"name":"wp","href":"https:\/\/api.w.org\/{rel}","templated":true}]}}