{"id":1714,"date":"2008-04-04T16:45:43","date_gmt":"2008-04-04T20:45:43","guid":{"rendered":"https:\/\/amblavana.esteri.it\/news\/dall_ambasciata\/2008\/04\/news04042008-2\/"},"modified":"2008-04-04T16:45:43","modified_gmt":"2008-04-04T20:45:43","slug":"news04042008-2","status":"publish","type":"post","link":"https:\/\/amblavana.esteri.it\/es\/news\/dall_ambasciata\/2008\/04\/news04042008-2\/","title":{"rendered":"XVII Semana de la Cultura Italiana en Cuba (3)"},"content":{"rendered":"<p><P class=\"MsoNormal\" style=\"MARGIN: 0cm 0cm 0pt; mso-layout-grid-align: none\"><SPAN lang=\"ES-TRAD\" style=\"FONT-SIZE: 10pt; FONT-FAMILY: 'Courier New'; mso-ansi-language: ES-TRAD\"><FONT color=\"#000000\" size=\"3\" face=\"Times New Roman\">En la tercera jornada de la Semana, en el Castillo de la Real Fuerza, fue inaugurada la exposici\u00f3n \u201cLas fortificaciones de los Antonelli en Cuba\u201d en colaboraci\u00f3n con la Embajada de Espa\u00f1a en La Habana. En aquellos tiempos los Antonelli desarrollaban actividades por cuenta de la corona de Espa\u00f1a. Luego de la Ceremonia de inauguraci\u00f3n, los m\u00faltiples aspectos estructurales, est\u00e9ticos y militares de las obras de los Antonelli fueron analizados con extrema atenci\u00f3n en un Seminario del que formaron parte cuatro relatores, entre ellos el Prof.\u00a0 Michele Paradiso de la Universidad de Florencia. En la tarde fue presentada la segunda alfombra de p\u00e9talos, ejemplo de gran destreza t\u00e9cnica as\u00ed como art\u00edstica, luego de la dedicada a Alfredo Cannatello en la jornada inaugural. Colocada en el Museo Nacional de Bellas Artes, esta vez el homenaje fue dirigido al gran pintor cubano Wifredo Lam con el sugestivo t\u00edtulo de \u201cLas mujeres\u201d. Como continuaci\u00f3n, en el Teatro del mismo Museo, tuvo lugar la Mesa Redonda \u201cLa inclusi\u00f3n social de las personas con discapacidad\u201d. En el debate, muy vivaz y de gran inter\u00e9s, donde el mismo p\u00fablico particip\u00f3, tomaron parte especialistas y exponentes de proyectos (Paolo Canale por el proyecto Downmusic de musicoterapia, Marlene Prieto Abreu por el proyecto \u201cTejiendo hilos\u201d dedicado a actividades manuales aplicadas a la elaboraci\u00f3n del gusano de seda, Martha Dom\u00ednguez Gonz\u00e1lez por el proyecto \u201cTenis adaptado en silla de ruedas\u201d, Paolo Bonino, Cristina Cavagnero por el proyecto Le Ali (Las Alas) y Costantino Perna por el proyecto Lab 3.11, Francesco Mascaretti y Luis Alberto Perez Rodriguez por el proyecto \u201cNueva vida\u201d relacionado con el karate adaptado) as\u00ed como dos especialista psic\u00f3logas del CENESEX (Centro Nacional de Educaci\u00f3n Sexual) que a trav\u00e9s de diferentes instrumentos comparten el objetivo de mejorar las condiciones psicol\u00f3gicas y de vida de las personas con discapacidad.<BR>La jornada concluy\u00f3, siempre en la misma sede, con el concierto \u201cDown Music\u201d de los Bearly, grupo de 6 j\u00f3venes afectados por el s\u00edndrome de Down que el mismo Paolo Canale prepar\u00f3 y gui\u00f3 y que, gracias a su apasionada entrega, logr\u00f3 insertar en un espect\u00e1culo emocionante y cautivador donde el aclamado cantante cubano David Blanco bail\u00f3 y toc\u00f3 junto a los muchachos, interpretando algunas famosas piezas de su repertorio.<BR><\/FONT><\/SPAN><\/P><P class=\"MsoNormal\" style=\"MARGIN: 0cm 0cm 0pt\"><SPAN lang=\"ES-TRAD\" style=\"mso-ansi-language: ES-TRAD\"><?xml:namespace prefix = \"o\" ns = \"urn:schemas-microsoft-com:office:office\" \/><o:p><FONT color=\"#000000\" size=\"3\" face=\"Times New Roman\"><BR><BR><IMG border=\"0\" alt=\"a1\" src=\"\/resource\/2014\/12\/84257_f_amb61_DSC4492tappetodifioriLasmujeresomaggioaWifredoLam.jpg\"><\/FONT><\/o:p><\/SPAN><\/P><br \/>\n<P><BR><IMG border=\"0\" alt=\"blanco\" src=\"\/resource\/2014\/12\/84258_f_amb61_DSC4745CanaleDavidBlancoebambinigruppoBEARLY.jpg\"><\/P><br \/>\n<P><BR><IMG border=\"0\" alt=\"paradiso\" src=\"\/resource\/2014\/12\/84259_f_amb61_ESS9453conferenzaProfMicheleParadiso.jpg\"><\/P><\/p>\n","protected":false},"excerpt":{"rendered":"En la tercera jornada de la Semana, en el Castillo de la Real Fuerza, fue inaugurada la exposici\u00f3n \u201cLas fortificaciones de los Antonelli en Cuba\u201d en colaboraci\u00f3n con la Embajada de Espa\u00f1a en La Habana. En aquellos tiempos los Antonelli desarrollaban actividades por cuenta de la corona de Espa\u00f1a. Luego de la Ceremonia de inauguraci\u00f3n, [&hellip;]","protected":false},"author":1,"featured_media":0,"comment_status":"","ping_status":"","sticky":false,"template":"","format":"standard","meta":{"footnotes":""},"tags":[],"class_list":["post-1714","post","type-post","status-publish","format-standard","hentry"],"_links":{"self":[{"href":"https:\/\/amblavana.esteri.it\/es\/wp-json\/wp\/v2\/posts\/1714","targetHints":{"allow":["GET"]}}],"collection":[{"href":"https:\/\/amblavana.esteri.it\/es\/wp-json\/wp\/v2\/posts"}],"about":[{"href":"https:\/\/amblavana.esteri.it\/es\/wp-json\/wp\/v2\/types\/post"}],"author":[{"embeddable":true,"href":"https:\/\/amblavana.esteri.it\/es\/wp-json\/wp\/v2\/users\/1"}],"replies":[{"embeddable":true,"href":"https:\/\/amblavana.esteri.it\/es\/wp-json\/wp\/v2\/comments?post=1714"}],"version-history":[{"count":0,"href":"https:\/\/amblavana.esteri.it\/es\/wp-json\/wp\/v2\/posts\/1714\/revisions"}],"wp:attachment":[{"href":"https:\/\/amblavana.esteri.it\/es\/wp-json\/wp\/v2\/media?parent=1714"}],"wp:term":[{"taxonomy":"post_tag","embeddable":true,"href":"https:\/\/amblavana.esteri.it\/es\/wp-json\/wp\/v2\/tags?post=1714"}],"curies":[{"name":"wp","href":"https:\/\/api.w.org\/{rel}","templated":true}]}}