{"id":1710,"date":"2008-05-15T15:50:33","date_gmt":"2008-05-15T19:50:33","guid":{"rendered":"https:\/\/amblavana.esteri.it\/news\/dall_ambasciata\/2008\/05\/news15052008-3\/"},"modified":"2008-05-15T15:50:33","modified_gmt":"2008-05-15T19:50:33","slug":"news15052008-3","status":"publish","type":"post","link":"https:\/\/amblavana.esteri.it\/es\/news\/dall_ambasciata\/2008\/05\/news15052008-3\/","title":{"rendered":"EXPOSICION DEDICADA AL ARQUITECTO GARATTI"},"content":{"rendered":"<p><P>El Centro de Arte Contempor\u00e1neo Wifredo Lam acogi\u00f3 la muestra dedicada a las obras del arquitecto Vittorio Garatti, uno de los tres proyectistas de las Escuelas de Arte de La Habana, en particular de la Escuela de Baile y de la Escuela de M\u00fasica. La muestra, rica en proyectos y dise\u00f1os, se inaugur\u00f3 el pasado 7 de marzo con las intervenciones del Embajador Robustelli, del arquitecto Garatti y del Director del Centro Wifredo Lam, Jorge Fern\u00e1ndez. <BR><\/P><P><BR><IMG border=\"0\" alt=\"garatti1\" src=\"\/resource\/2014\/06\/78176_f_amb61fotoGarattieCentroWLam3.jpg\"><\/P><br \/>\n<P><BR><IMG border=\"0\" alt=\"foto garatti 2 \" src=\"\/resource\/2014\/06\/78177_f_amb61fotoGarattieCentroWifredoLam1.jpg\"><\/P><\/p>\n","protected":false},"excerpt":{"rendered":"El Centro de Arte Contempor\u00e1neo Wifredo Lam acogi\u00f3 la muestra dedicada a las obras del arquitecto Vittorio Garatti, uno de los tres proyectistas de las Escuelas de Arte de La Habana, en particular de la Escuela de Baile y de la Escuela de M\u00fasica. La muestra, rica en proyectos y dise\u00f1os, se inaugur\u00f3 el pasado [&hellip;]","protected":false},"author":1,"featured_media":0,"comment_status":"","ping_status":"","sticky":false,"template":"","format":"standard","meta":{"footnotes":""},"tags":[],"class_list":["post-1710","post","type-post","status-publish","format-standard","hentry"],"_links":{"self":[{"href":"https:\/\/amblavana.esteri.it\/es\/wp-json\/wp\/v2\/posts\/1710","targetHints":{"allow":["GET"]}}],"collection":[{"href":"https:\/\/amblavana.esteri.it\/es\/wp-json\/wp\/v2\/posts"}],"about":[{"href":"https:\/\/amblavana.esteri.it\/es\/wp-json\/wp\/v2\/types\/post"}],"author":[{"embeddable":true,"href":"https:\/\/amblavana.esteri.it\/es\/wp-json\/wp\/v2\/users\/1"}],"replies":[{"embeddable":true,"href":"https:\/\/amblavana.esteri.it\/es\/wp-json\/wp\/v2\/comments?post=1710"}],"version-history":[{"count":0,"href":"https:\/\/amblavana.esteri.it\/es\/wp-json\/wp\/v2\/posts\/1710\/revisions"}],"wp:attachment":[{"href":"https:\/\/amblavana.esteri.it\/es\/wp-json\/wp\/v2\/media?parent=1710"}],"wp:term":[{"taxonomy":"post_tag","embeddable":true,"href":"https:\/\/amblavana.esteri.it\/es\/wp-json\/wp\/v2\/tags?post=1710"}],"curies":[{"name":"wp","href":"https:\/\/api.w.org\/{rel}","templated":true}]}}