{"id":1698,"date":"2008-09-24T12:29:27","date_gmt":"2008-09-24T16:29:27","guid":{"rendered":"https:\/\/amblavana.esteri.it\/news\/dall_ambasciata\/2008\/09\/news23092008-2\/"},"modified":"2008-09-24T12:29:27","modified_gmt":"2008-09-24T16:29:27","slug":"news23092008-2","status":"publish","type":"post","link":"https:\/\/amblavana.esteri.it\/es\/news\/dall_ambasciata\/2008\/09\/news23092008-2\/","title":{"rendered":"\u00a0FIHAV 2014-11-17"},"content":{"rendered":"<p><P>Como confirmaci\u00f3n del creciente inter\u00e9s hacia Cuba, han sido casi cien las empresas italianas que han participado en la 32\u00aa edici\u00f3n de la Feria Internacional de La Habana (FIHAV), del 2 al 8 de noviembre. El Pabell\u00f3n Italia, organizado por el ICE, fue inaugurado el martes 4 por la Viceministra del Mincex, Ileana Nu\u00f1ez, y por el Viceministro de Desarrollo Econ\u00f3mico de Italia Carlo Calenda. El evento, visitado este a\u00f1o tambi\u00e9n por el Presidente del ICE Riccardo Monti, ha sido la ocasi\u00f3n para la presentaci\u00f3n a una platea internacional de operadores econ\u00f3micos de la \u201cCartera de oportunidades\u201d para las inversiones en Cuba.<\/P><br \/>\n<P><BR><BR><IMG border=\"0\" alt=\"VM Calenda\" src=\"\/resource\/2014\/11\/83576_f_amb61VMCalendainFIHAV3.jpg\"><\/P><\/p>\n","protected":false},"excerpt":{"rendered":"Como confirmaci\u00f3n del creciente inter\u00e9s hacia Cuba, han sido casi cien las empresas italianas que han participado en la 32\u00aa edici\u00f3n de la Feria Internacional de La Habana (FIHAV), del 2 al 8 de noviembre. El Pabell\u00f3n Italia, organizado por el ICE, fue inaugurado el martes 4 por la Viceministra del Mincex, Ileana Nu\u00f1ez, y [&hellip;]","protected":false},"author":1,"featured_media":0,"comment_status":"","ping_status":"","sticky":false,"template":"","format":"standard","meta":{"footnotes":""},"tags":[],"class_list":["post-1698","post","type-post","status-publish","format-standard","hentry"],"_links":{"self":[{"href":"https:\/\/amblavana.esteri.it\/es\/wp-json\/wp\/v2\/posts\/1698","targetHints":{"allow":["GET"]}}],"collection":[{"href":"https:\/\/amblavana.esteri.it\/es\/wp-json\/wp\/v2\/posts"}],"about":[{"href":"https:\/\/amblavana.esteri.it\/es\/wp-json\/wp\/v2\/types\/post"}],"author":[{"embeddable":true,"href":"https:\/\/amblavana.esteri.it\/es\/wp-json\/wp\/v2\/users\/1"}],"replies":[{"embeddable":true,"href":"https:\/\/amblavana.esteri.it\/es\/wp-json\/wp\/v2\/comments?post=1698"}],"version-history":[{"count":0,"href":"https:\/\/amblavana.esteri.it\/es\/wp-json\/wp\/v2\/posts\/1698\/revisions"}],"wp:attachment":[{"href":"https:\/\/amblavana.esteri.it\/es\/wp-json\/wp\/v2\/media?parent=1698"}],"wp:term":[{"taxonomy":"post_tag","embeddable":true,"href":"https:\/\/amblavana.esteri.it\/es\/wp-json\/wp\/v2\/tags?post=1698"}],"curies":[{"name":"wp","href":"https:\/\/api.w.org\/{rel}","templated":true}]}}