{"id":1693,"date":"2008-11-11T14:21:20","date_gmt":"2008-11-11T18:21:20","guid":{"rendered":"https:\/\/amblavana.esteri.it\/news\/dall_ambasciata\/2008\/11\/news11112008-2\/"},"modified":"2008-11-11T14:21:20","modified_gmt":"2008-11-11T18:21:20","slug":"news11112008-2","status":"publish","type":"post","link":"https:\/\/amblavana.esteri.it\/es\/news\/dall_ambasciata\/2008\/11\/news11112008-2\/","title":{"rendered":"XVII Semana de la Cultura Italiana en Cuba (5)"},"content":{"rendered":"<p><P>La quinta jornada de la Semana de la Cultura inici\u00f3 con la \u00faltima conferencia prevista en la Universidad de la Habana dedicada a la Primera Guerra Mundial: \u201cPaisajes de la Gran Guerra. Relecturas por el centenario\u201d. Impartida por el Prof. Luigi Fontana de la Universidad de Padova, la conferencia afront\u00f3 en modo original y detallado los aspectos parad\u00f3jicos de la intervenci\u00f3n italiana en el conflicto.<BR>En la tarde fue presentada la tercera alfombra de p\u00e9talos bajo el significativo t\u00edtulo \u201cFuturistas\u201d. Colocada en el Museo Nacional de Bellas Artes, en el edificio de Arte Universal, el homenaje fue dedicado al movimiento hist\u00f3rico, pol\u00edtico y art\u00edstico de la vanguardia italiana. <BR>En este quinto d\u00eda de la Semana de la Cultura, en el Estadio Pedro Marrero, concluy\u00f3 el evento deportivo de f\u00fatbol \u00abFestival Inter Campus\u00bb, proyecto promovido y apoyado por la sociedad italiana Inter Campus de Mil\u00e1n con el objetivo de desarrollar la actividad futbol\u00edstica en los j\u00f3venes cubanos.<BR>Mientras tanto, en la sede de la Federaci\u00f3n cubana de Tenis, continuaban a desarrollarse las lecciones de tenis en silla de rueda, impartidas por el maestro Pietro Mazzei (y la encomiable colaboraci\u00f3n, no solo en la traducci\u00f3n, de Valter Bessone) y los encuentros del primer torneo de la \u201cCopa Cuba\u201d.<BR>La intensa jornada continu\u00f3 en la sala Ignacio Cervantes con un fascinante concierto dedicado a la m\u00fasica italiana del siglo XX coordinado por el Prof. Adriano Galliussi. La rese\u00f1a cubri\u00f3 todos los periodos del siglo pasado, iniciando con tres de lo cinco representantes de la Generaci\u00f3n de los \u201980 \u2013 Respighi, Malipiero y Casella \u2013 para luego, de generaci\u00f3n en generaci\u00f3n, llegar hasta finales del siglo con Petrassi, Maderna y el mismo Galliussi. Excelentes int\u00e9rpretes de las composiciones, dos pianistas y dos flautistas cubanos.<BR>Como conclusi\u00f3n de la quinta jornada, en el Teatro Trian\u00f3n, el prestigioso director cubano Carlos D\u00edaz, famoso por sus espect\u00e1culos irreverentes y transgresivos adem\u00e1s de originales, puso en escena una brillante representaci\u00f3n de algunos episodios del Decamer\u00f3n de Boccaccio, en la versi\u00f3n de Hector Quintero. El espect\u00e1culo, gracias a la maestr\u00eda de los protagonistas, todos j\u00f3venes artistas cubanos, reprodujo algunos aspectos de la vida social y cultural de la \u00e9poca del Boccaccio ofreciendo una visi\u00f3n emblem\u00e1tica tanto a trav\u00e9s de esplendidos y elaborados trajes de escena como a trav\u00e9s de actuaciones ir\u00f3nicas.<BR><BR><BR><IMG border=\"0\" alt=\"fontana\" src=\"\/resource\/2014\/12\/84260_f_amb6120141128_2841ConferenzaProfLuigiFontanalona1.jpg\"><BR><BR><IMG border=\"0\" alt=\"ambasciatore\" src=\"\/resource\/2014\/12\/84261_f_amb61ESS_999724AmbeSalaCervantes1.jpg\"><\/P><br \/>\n<P><BR><IMG border=\"0\" alt=\"decameron\" src=\"\/resource\/2014\/12\/84262_f_amb61ESS_049112attoriDECAMERONteatroTrianon1.jpg\"><\/P><br \/>\n<P><BR><IMG border=\"0\" alt=\"inter campus\" src=\"\/resource\/2014\/12\/84263_f_amb61DSCF5704FestivalIntercampusestadioPedroMarrero1.jpg\"><\/P><\/p>\n","protected":false},"excerpt":{"rendered":"La quinta jornada de la Semana de la Cultura inici\u00f3 con la \u00faltima conferencia prevista en la Universidad de la Habana dedicada a la Primera Guerra Mundial: \u201cPaisajes de la Gran Guerra. Relecturas por el centenario\u201d. Impartida por el Prof. Luigi Fontana de la Universidad de Padova, la conferencia afront\u00f3 en modo original y detallado [&hellip;]","protected":false},"author":1,"featured_media":0,"comment_status":"","ping_status":"","sticky":false,"template":"","format":"standard","meta":{"footnotes":""},"tags":[],"class_list":["post-1693","post","type-post","status-publish","format-standard","hentry"],"_links":{"self":[{"href":"https:\/\/amblavana.esteri.it\/es\/wp-json\/wp\/v2\/posts\/1693","targetHints":{"allow":["GET"]}}],"collection":[{"href":"https:\/\/amblavana.esteri.it\/es\/wp-json\/wp\/v2\/posts"}],"about":[{"href":"https:\/\/amblavana.esteri.it\/es\/wp-json\/wp\/v2\/types\/post"}],"author":[{"embeddable":true,"href":"https:\/\/amblavana.esteri.it\/es\/wp-json\/wp\/v2\/users\/1"}],"replies":[{"embeddable":true,"href":"https:\/\/amblavana.esteri.it\/es\/wp-json\/wp\/v2\/comments?post=1693"}],"version-history":[{"count":0,"href":"https:\/\/amblavana.esteri.it\/es\/wp-json\/wp\/v2\/posts\/1693\/revisions"}],"wp:attachment":[{"href":"https:\/\/amblavana.esteri.it\/es\/wp-json\/wp\/v2\/media?parent=1693"}],"wp:term":[{"taxonomy":"post_tag","embeddable":true,"href":"https:\/\/amblavana.esteri.it\/es\/wp-json\/wp\/v2\/tags?post=1693"}],"curies":[{"name":"wp","href":"https:\/\/api.w.org\/{rel}","templated":true}]}}