{"id":1687,"date":"2008-11-13T14:27:47","date_gmt":"2008-11-13T18:27:47","guid":{"rendered":"https:\/\/amblavana.esteri.it\/news\/dall_ambasciata\/2008\/11\/news13112008-2\/"},"modified":"2008-11-13T14:27:47","modified_gmt":"2008-11-13T18:27:47","slug":"news13112008-2","status":"publish","type":"post","link":"https:\/\/amblavana.esteri.it\/es\/news\/dall_ambasciata\/2008\/11\/news13112008-2\/","title":{"rendered":"XVII Semana de la Cultura Italiana en Cuba (6)"},"content":{"rendered":"<p><P class=\"x_MsoNormal\"><SPAN style=\"FONT-SIZE: 12pt; FONT-FAMILY: Arial\">El pen\u00faltima d\u00eda se abri\u00f3 en los esplendidos ambientes de las calles y de las plazas del centro hist\u00f3rico con la espectacular exhibici\u00f3n del grupo de los lanzadores de banderas de Faenza, quienes deleitaron a turistas y residentes locales con su maestr\u00eda. <BR>En el Teatro de la Orden Tercera, situado en el complejo de la Bas\u00edlica Menor de San Francisco de As\u00eds fue escenificado un divertido y delicioso espect\u00e1culo para ni\u00f1os, \u201cA la rueda rueda con Polichinela\u201d (\u201cIl girotondo di Pulcinella\u201d), t\u00edtulo inspirado en una famosa canci\u00f3n infantil local, del Maestro Bruno Leone y con la participaci\u00f3n del grupo teatral \u201cLa Colmenita\u201d. La particularidad de este espect\u00e1culo estuvo en su naturaleza de laboratorio donde los ni\u00f1os cubanos de la Colmenita pusieron en pr\u00e1ctica, en parejas y en la escena, las lecciones del \u201cPulcinella\u201d del Maestro Leone en modo que el \u201cPolichinela\u201d cubano pueda continuar, gracias a los magn\u00edficos artistas titiriteros cubanos Kenia Rodr\u00edguez y Victor Ariosa manteniendo vivo el v\u00ednculo entre Italia y Cuba.<BR>En la tarde se desarroll\u00f3 la premiaci\u00f3n del torneo de tenis en silla de rueda \u201cCopa Cuba\u201d realizado en el \u00e1mbito del proyecto \u201cLas alas cubanas\u201d organizado por la ONG Volare. El Embajador Carmine Robustelli, junto a otras personalidades deportivas cubanas e italianas, entreg\u00f3 las copas y las medallas a los ganadores de las diferentes categor\u00edas y especialidades. Andr\u00e9s Montero Gallardo se impuso en el masculino individual y se gan\u00f3 el derecho a participar, el pr\u00f3ximo a\u00f1o, en el Torneo internacional de Torino \u201cTrofeo de la Mole\u201d. Andr\u00e9s ser\u00e1 el primer atleta cubano que participar\u00e1 en semejante torneo internacional fuera de Cuba.<BR>Intenso momento musical de la Semana fue el concierto \u201cHola, Claudio\u201d dedicado a Abbado y que tuvo lugar en el Teatro Mart\u00ed. Dividido en tres partes, este homenaje bajo la direcci\u00f3n art\u00edstica del maestro Roberto Chorens, vio subseguirse en el escenario numerosos int\u00e9rpretes de alto nivel: en la primera parte, algunos j\u00f3venes talentos l\u00edricos cubanos que interpretaron obras del repertorio internacional, con la Orquesta Sinf\u00f3nica Nacional (OSN) de Cuba guiada por nuestro director de orquesta Walter Themel; en las dos partes sucesivas, la OSN y su director estable, Enrique P\u00e9rez Mesa, acompa\u00f1aron al violinista Lucio Degani y al pianista Frank Fern\u00e1ndez en intensas y apasionadas interpretaciones de un concierto de Locatelli y uno de Mozart. <BR><BR><\/SPAN><\/P><P class=\"x_MsoNormal\"><FONT size=\"3\" face=\"Arial\"><SPAN style=\"FONT-SIZE: 12pt; FONT-FAMILY: Arial\"><IMG border=\"0\" alt=\"sbandieratori\" src=\"\/resource\/2014\/12\/84264_f_amb61DSC0252SbandieratoriePlazadeArmas.jpg\"><BR><BR><BR><IMG border=\"0\" alt=\"ambasciatore\" src=\"\/resource\/2014\/12\/84265_f_amb61DSC0518AmbeRodolfoDalPaneealcunisbandieratori.jpg\"><\/SPAN><\/FONT><\/P><br \/>\n<P class=\"x_MsoNormal\"><FONT size=\"3\" face=\"Arial\"><SPAN style=\"FONT-SIZE: 12pt; FONT-FAMILY: Arial\"><BR><IMG border=\"0\" alt=\"fernandez\" src=\"\/resource\/2014\/12\/84266_f_amb61DSC_0389MaestroFrankFernandezeconcertoHolaClaudio.jpg\"><\/SPAN><\/FONT><\/P><br \/>\n<P class=\"x_MsoNormal\"><FONT size=\"3\" face=\"Arial\"><SPAN style=\"FONT-SIZE: 12pt; FONT-FAMILY: Arial\"><BR><IMG border=\"0\" alt=\"degani\" src=\"\/resource\/2014\/12\/84267_f_amb61DSC_0255MaestroDeganieconcertoHolaClaudio.jpg\"><\/SPAN><\/FONT><\/P><br \/>\n<P class=\"x_MsoNormal\"><FONT size=\"3\" face=\"Arial\"><SPAN style=\"FONT-SIZE: 12pt; FONT-FAMILY: Arial\"><BR><IMG border=\"0\" alt=\"leone   e colmenita\" src=\"\/resource\/2014\/12\/84268_f_amb61DSC_0555MaestroLeoneeColmenita.jpg\"><\/P><\/SPAN><\/FONT><\/p>\n","protected":false},"excerpt":{"rendered":"El pen\u00faltima d\u00eda se abri\u00f3 en los esplendidos ambientes de las calles y de las plazas del centro hist\u00f3rico con la espectacular exhibici\u00f3n del grupo de los lanzadores de banderas de Faenza, quienes deleitaron a turistas y residentes locales con su maestr\u00eda. En el Teatro de la Orden Tercera, situado en el complejo de la [&hellip;]","protected":false},"author":1,"featured_media":0,"comment_status":"","ping_status":"","sticky":false,"template":"","format":"standard","meta":{"footnotes":""},"tags":[],"class_list":["post-1687","post","type-post","status-publish","format-standard","hentry"],"_links":{"self":[{"href":"https:\/\/amblavana.esteri.it\/es\/wp-json\/wp\/v2\/posts\/1687","targetHints":{"allow":["GET"]}}],"collection":[{"href":"https:\/\/amblavana.esteri.it\/es\/wp-json\/wp\/v2\/posts"}],"about":[{"href":"https:\/\/amblavana.esteri.it\/es\/wp-json\/wp\/v2\/types\/post"}],"author":[{"embeddable":true,"href":"https:\/\/amblavana.esteri.it\/es\/wp-json\/wp\/v2\/users\/1"}],"replies":[{"embeddable":true,"href":"https:\/\/amblavana.esteri.it\/es\/wp-json\/wp\/v2\/comments?post=1687"}],"version-history":[{"count":0,"href":"https:\/\/amblavana.esteri.it\/es\/wp-json\/wp\/v2\/posts\/1687\/revisions"}],"wp:attachment":[{"href":"https:\/\/amblavana.esteri.it\/es\/wp-json\/wp\/v2\/media?parent=1687"}],"wp:term":[{"taxonomy":"post_tag","embeddable":true,"href":"https:\/\/amblavana.esteri.it\/es\/wp-json\/wp\/v2\/tags?post=1687"}],"curies":[{"name":"wp","href":"https:\/\/api.w.org\/{rel}","templated":true}]}}