{"id":1682,"date":"2009-02-04T16:02:19","date_gmt":"2009-02-04T20:02:19","guid":{"rendered":"https:\/\/amblavana.esteri.it\/news\/dall_ambasciata\/2009\/02\/news-040209-2\/"},"modified":"2009-02-04T16:02:19","modified_gmt":"2009-02-04T20:02:19","slug":"news-040209-2","status":"publish","type":"post","link":"https:\/\/amblavana.esteri.it\/es\/news\/dall_ambasciata\/2009\/02\/news-040209-2\/","title":{"rendered":"XIV edici\u00f3n de la Semana de la Lengua Italiana en el Mundo"},"content":{"rendered":"<p><P>Del 20 al 26 de octubre pr\u00f3ximos tendr\u00e1 lugar la XIV edici\u00f3n de la Semana de la Lengua Italiana en el Mundo, inaugurada en La Habana en la jornada del lunes 20 con dos eventos: la conferencia \u201cMusica y comunicaci\u00f3n\u201d impartida por el periodista Alberto Lentini en la Facultad de Lenguas Extranjeras de la Universidad de La Habana, y el concierto \u201cModerno acorde\u00f3n. Variaciones ling\u00fc\u00edsticas\u201d, ofrecido por el m\u00fasico acordeonista y compositor Marco Lo Russo en la prestigiosa sede de la Antigua Iglesia de San Francisco de Paula. El concierto de clausura, \u201cYo amo la \u00f3pera: Viva Verdi\u201d, tendr\u00e1 lugar en el Teatro Mart\u00ed, recientemente restaurado, con los maestros Gianfranco Pappalardo Fiumara (piano) y Roberto Cresca (tenor).<BR><BR><BR><BR><\/P><P>La edici\u00f3n de este a\u00f1o se titula \u201cEscribir la nueva Europa: editorial italiana, autores y lectores en la era digital\u201d y en este sentido resultar\u00e1n tambi\u00e9n particularmente interesantes las intervenciones, ofrecidas por los ilustres invitados italianos, sobre los m\u00e1s importantes aspectos relacionados con tal fascinante y complejo tema, cuyos protagonistas (Europa, integraci\u00f3n geopol\u00edtica, editorial y era digital) non conocen l\u00edmites en su gradual proceso evolutivo.<BR><BR><BR><A href=\"\/resource\/2014\/10\/82545_f_amb61ProgramaSemanadelalengua2015.pdf\">Semana de la Lengua Italiana en el Mundo<\/A><BR><BR><BR><\/P><\/p>\n","protected":false},"excerpt":{"rendered":"Del 20 al 26 de octubre pr\u00f3ximos tendr\u00e1 lugar la XIV edici\u00f3n de la Semana de la Lengua Italiana en el Mundo, inaugurada en La Habana en la jornada del lunes 20 con dos eventos: la conferencia \u201cMusica y comunicaci\u00f3n\u201d impartida por el periodista Alberto Lentini en la Facultad de Lenguas Extranjeras de la Universidad [&hellip;]","protected":false},"author":1,"featured_media":0,"comment_status":"","ping_status":"","sticky":false,"template":"","format":"standard","meta":{"footnotes":""},"tags":[],"class_list":["post-1682","post","type-post","status-publish","format-standard","hentry"],"_links":{"self":[{"href":"https:\/\/amblavana.esteri.it\/es\/wp-json\/wp\/v2\/posts\/1682","targetHints":{"allow":["GET"]}}],"collection":[{"href":"https:\/\/amblavana.esteri.it\/es\/wp-json\/wp\/v2\/posts"}],"about":[{"href":"https:\/\/amblavana.esteri.it\/es\/wp-json\/wp\/v2\/types\/post"}],"author":[{"embeddable":true,"href":"https:\/\/amblavana.esteri.it\/es\/wp-json\/wp\/v2\/users\/1"}],"replies":[{"embeddable":true,"href":"https:\/\/amblavana.esteri.it\/es\/wp-json\/wp\/v2\/comments?post=1682"}],"version-history":[{"count":0,"href":"https:\/\/amblavana.esteri.it\/es\/wp-json\/wp\/v2\/posts\/1682\/revisions"}],"wp:attachment":[{"href":"https:\/\/amblavana.esteri.it\/es\/wp-json\/wp\/v2\/media?parent=1682"}],"wp:term":[{"taxonomy":"post_tag","embeddable":true,"href":"https:\/\/amblavana.esteri.it\/es\/wp-json\/wp\/v2\/tags?post=1682"}],"curies":[{"name":"wp","href":"https:\/\/api.w.org\/{rel}","templated":true}]}}