{"id":1676,"date":"2009-05-11T13:10:11","date_gmt":"2009-05-11T17:10:11","guid":{"rendered":"https:\/\/amblavana.esteri.it\/news\/dall_ambasciata\/2009\/05\/news11052009-3\/"},"modified":"2009-05-11T13:10:11","modified_gmt":"2009-05-11T17:10:11","slug":"news11052009-3","status":"publish","type":"post","link":"https:\/\/amblavana.esteri.it\/es\/news\/dall_ambasciata\/2009\/05\/news11052009-3\/","title":{"rendered":"XVII Semana de la Cultura Italiana en Cuba (4)"},"content":{"rendered":"<p><P class=\"MsoNormal\" style=\"TEXT-ALIGN: justify; MARGIN: 0cm 0cm 0pt; LINE-HEIGHT: normal\"><SPAN style='FONT-SIZE: 12pt; FONT-FAMILY: \"Times New Roman\"; mso-fareast-language: IT'><FONT color=\"#000000\" face=\"Calibri\">El ciclo de conferencias en la Universidad de La Habana durante el cuarto d\u00eda de la Semana prosigui\u00f3 con una fascinante lectura de la relaci\u00f3n entre \u201cLiteratura y ciencia\u201d vista a trav\u00e9s de los escritos de grandes literatos y cient\u00edficos italianos, como Galileo Galilei, Dante Alighieri, Giacomo Leopardi, Anna Maria Ortese e Italo Calvino. La conferencia fue impartida por el Prof. Nunzio Allocca de la Universidad La Sapienza de Roma, ante un numeroso p\u00fablico, entre ellos muchos estudiantes de la Facultad de Artes y Letras.<\/FONT><\/SPAN><\/P><br \/>\n<P class=\"MsoNormal\" style=\"TEXT-ALIGN: justify; MARGIN: 0cm 0cm 0pt; LINE-HEIGHT: normal\"><SPAN style='FONT-SIZE: 12pt; FONT-FAMILY: \"Times New Roman\"; mso-fareast-language: IT'><FONT color=\"#000000\" face=\"Calibri\">En la Casa Pedroso, hist\u00f3rico edificio donde est\u00e1 situada la Oficina del Historiador de la Habana, Eusebio Leal, el periodista Pedro de la Hoz, Vice Presidente de la UNEAC (Uni\u00f3n Nacional de Escritores y Artistas de Cuba), imparti\u00f3 la conferencia dedicada a Claudio Abbado, compartiendo con el p\u00fablico presente, entre apasionados, especialistas y estudiosos, recuerdos e im\u00e1genes del periodo transcurrido en Cuba por nuestro director de orquesta.<\/FONT><\/SPAN><\/P><br \/>\n<P class=\"MsoNormal\" style=\"TEXT-ALIGN: justify; MARGIN: 0cm 0cm 0pt; LINE-HEIGHT: normal\"><SPAN style='FONT-SIZE: 12pt; FONT-FAMILY: \"Times New Roman\"; mso-fareast-language: IT'><FONT color=\"#000000\" face=\"Calibri\">En la tarde prosiguieron las actividades deportivas vinculadas con la inclusi\u00f3n de las personas con discapacidad con una exhibici\u00f3n de karate en el Centro Jes\u00fas Montane Oropesa. La actividad formaba parte del proyecto deportivo, cultural y recreativo italo-cubano \u201cNueva vida\u201d realizado con la supervisi\u00f3n del maestro Francesco Mascaretti de la A.S.D. Islagrande UISP L\u2019Aquila (Italia) y del maestro Luis Alberto P\u00e9rez Rodr\u00edguez de la Federaci\u00f3n cubana de karate-do.<\/FONT><\/SPAN><\/P><br \/>\n<P class=\"MsoNormal\" style=\"TEXT-ALIGN: justify; MARGIN: 0cm 0cm 0pt; LINE-HEIGHT: normal\"><SPAN style='FONT-SIZE: 12pt; FONT-FAMILY: \"Times New Roman\"; mso-fareast-language: IT'><FONT color=\"#000000\" face=\"Calibri\">La cuarta jornada de la Semana concluy\u00f3 caracterizada por la m\u00fasica antigua, con el concierto \u201cEl estilo italiano: las cantatas en el Viejo y en el Nuevo Mundo en \u00e9poca colonial\u201d que tuvo lugar en la sugestiva iglesia de San Francisco de Paula por el Conjunto de m\u00fasica antigua Ars Longa, un ensemble que Claudio Abbado hab\u00eda contribuido a lanzar al \u2018mundo occidental\u2019. La performance fue precedida por una interesante introducci\u00f3n a cargo de dos estudiosos italianos, la profesora Silvana Cirillo de la Universidad La Sapienza de Roma y el profesor Giorgio Monari, experto de historia de la m\u00fasica que colabora con algunas Universidades italianas, entre ellas la Gregoriana y la Sapienza. En su presentaci\u00f3n fueron ilustrados los elementos que han llevado el estilo italiano de la cantata al lejano continente americano, haci\u00e9ndolo prosperar. <BR><\/FONT><\/SPAN><\/P><br \/>\n<P class=\"MsoNormal\" style=\"MARGIN: 0cm 0cm 10pt\"><?xml:namespace prefix = \"o\" ns = \"urn:schemas-microsoft-com:office:office\" \/><o:p><FONT color=\"#000000\" size=\"3\" face=\"Calibri\">\u00a0<\/FONT><\/o:p><\/P><br \/>\n<P><IMG border=\"0\" alt=\"c33\" src=\"\/resource\/2014\/12\/84042_f_amb61_ESS9756conferenzaProfNunzioAllocca1.jpg\"><BR><BR><IMG border=\"0\" alt=\"c35\" src=\"\/resource\/2014\/12\/84043_f_amb61_DSC0127DeMartineesponentieventokarate1.jpg\"><BR><BR><IMG border=\"0\" alt=\"c55\" src=\"\/resource\/2014\/12\/84044_f_amb61_DSC0267AmbasciatoreeconferenzaEstiloitalianoSanFr.jpg\"><\/P><\/p>\n","protected":false},"excerpt":{"rendered":"El ciclo de conferencias en la Universidad de La Habana durante el cuarto d\u00eda de la Semana prosigui\u00f3 con una fascinante lectura de la relaci\u00f3n entre \u201cLiteratura y ciencia\u201d vista a trav\u00e9s de los escritos de grandes literatos y cient\u00edficos italianos, como Galileo Galilei, Dante Alighieri, Giacomo Leopardi, Anna Maria Ortese e Italo Calvino. La [&hellip;]","protected":false},"author":1,"featured_media":0,"comment_status":"","ping_status":"","sticky":false,"template":"","format":"standard","meta":{"footnotes":""},"tags":[],"class_list":["post-1676","post","type-post","status-publish","format-standard","hentry"],"_links":{"self":[{"href":"https:\/\/amblavana.esteri.it\/es\/wp-json\/wp\/v2\/posts\/1676","targetHints":{"allow":["GET"]}}],"collection":[{"href":"https:\/\/amblavana.esteri.it\/es\/wp-json\/wp\/v2\/posts"}],"about":[{"href":"https:\/\/amblavana.esteri.it\/es\/wp-json\/wp\/v2\/types\/post"}],"author":[{"embeddable":true,"href":"https:\/\/amblavana.esteri.it\/es\/wp-json\/wp\/v2\/users\/1"}],"replies":[{"embeddable":true,"href":"https:\/\/amblavana.esteri.it\/es\/wp-json\/wp\/v2\/comments?post=1676"}],"version-history":[{"count":0,"href":"https:\/\/amblavana.esteri.it\/es\/wp-json\/wp\/v2\/posts\/1676\/revisions"}],"wp:attachment":[{"href":"https:\/\/amblavana.esteri.it\/es\/wp-json\/wp\/v2\/media?parent=1676"}],"wp:term":[{"taxonomy":"post_tag","embeddable":true,"href":"https:\/\/amblavana.esteri.it\/es\/wp-json\/wp\/v2\/tags?post=1676"}],"curies":[{"name":"wp","href":"https:\/\/api.w.org\/{rel}","templated":true}]}}