{"id":1666,"date":"2009-05-27T12:47:14","date_gmt":"2009-05-27T16:47:14","guid":{"rendered":"https:\/\/amblavana.esteri.it\/news\/dall_ambasciata\/2009\/05\/news27052009-2\/"},"modified":"2009-05-27T12:47:14","modified_gmt":"2009-05-27T16:47:14","slug":"news27052009-2","status":"publish","type":"post","link":"https:\/\/amblavana.esteri.it\/es\/news\/dall_ambasciata\/2009\/05\/news27052009-2\/","title":{"rendered":"Visita a Cuba del Subsecretario de Relaciones Exteriores Mario Giro"},"content":{"rendered":"<p><P style=\"TEXT-ALIGN: justify\"><SPAN style=\"FONT-FAMILY: Tahoma; COLOR: black; FONT-SIZE: 10pt; mso-ansi-language: ES\" lang=\"ES\">En los d\u00edas 15 y el 16 de octubre tuvo lugar la visita a <?xml:namespace prefix = \"st1\" ns = \"urn:schemas-microsoft-com:office:smarttags\" \/><st1:PersonName w:st=\"on\" ProductID=\"La Habana\">La Habana<\/st1:PersonName> del Subsecretario de Relaciones Exteriores Mario Giro, durante la cual sostuvo con el Vice Ministro de Relacione Exteriores Rogelio Sierra D\u00edaz la primera sesi\u00f3n de di\u00e1logo pol\u00edtico bilateral.<\/SPAN><SPAN style=\"mso-ansi-language: ES\" lang=\"ES\"><?xml:namespace prefix = \"o\" ns = \"urn:schemas-microsoft-com:office:office\" \/><o:p><\/o:p><\/SPAN><\/P><P style=\"TEXT-ALIGN: justify\"><SPAN style=\"FONT-FAMILY: Tahoma; COLOR: black; FONT-SIZE: 10pt; mso-ansi-language: ES\" lang=\"ES\">Entre los temas afrontados tuvo un fuerte predominio la colaboraci\u00f3n en el campo econ\u00f3mico, con la solicitud por la parte cubana de profundizar la experiencia italiana del fen\u00f3meno del cooperativismo y la ilustraci\u00f3n de las oportunidades de inversi\u00f3n en Cuba. Una especial atenci\u00f3n fue dedicada luego a la cooperaci\u00f3n en el campo cultural &#8211; uno de los tradicionales puntos fuertes de las relaciones bilaterales \u2013 y universitario, para la cual fueron examinadas las modalidades para un firme relanzamiento. Fueron objeto adem\u00e1s del coloquio algunas iniciativas de cooperaci\u00f3n al desarrollo, entre estas un proyecto de restauraci\u00f3n de un \u00e1rea de <st1:PersonName w:st=\"on\" ProductID=\"la Habana Vieja\"><st1:PersonName w:st=\"on\" ProductID=\"La Habana\">la Habana<\/st1:PersonName> Vieja<\/st1:PersonName>, en colaboraci\u00f3n con el IILA (Instituto Italo Latino Americano) , y una intervenci\u00f3n de seguridad alimentaria en el sector del caf\u00e9, que se realizar\u00e1 a trav\u00e9s de <st1:PersonName w:st=\"on\" ProductID=\"la IAO\">la IAO<\/st1:PersonName> (Instituto Agron\u00f3mico de Ultramar). Luego de una valoraci\u00f3n de los temas pol\u00edticos de car\u00e1cter regional, para concluir fueron analizados los principales escenarios de crisis a nivel mundial, en particular el de Siria y el de Libia.<\/SPAN><SPAN style=\"mso-ansi-language: ES\" lang=\"ES\"><o:p><\/o:p><\/SPAN><\/P><br \/>\n<P style=\"TEXT-ALIGN: justify\"><SPAN style=\"FONT-FAMILY: Tahoma; COLOR: black; FONT-SIZE: 10pt; mso-ansi-language: ES\" lang=\"ES\">Tales temas fueron tambi\u00e9n objeto de un cordial encuentro con el Ministro de<SPAN style=\"mso-spacerun: yes\">\u00a0 <\/SPAN>Relaciones Exteriores cubano Bruno Rodr\u00edguez Parrilla. Durante su misi\u00f3n en Cuba, el Subsecretario Giro se encontr\u00f3 tambi\u00e9n con el Vice Ministro de Cultura, Fernando Rojas, el Vice Ministro de Comercio Exterior y las Inversiones Extranjeras, Ileana N\u00fa\u00f1ez y el Historiador de <st1:PersonName w:st=\"on\" ProductID=\"la Ciudad\">la Ciudad<\/st1:PersonName> de <st1:PersonName w:st=\"on\" ProductID=\"La Habana\">La Habana<\/st1:PersonName>, Eusebio Leal, con quienes fueron afrontados, en clave operativa, espec\u00edficos temas de inter\u00e9s bilateral. <\/SPAN><SPAN style=\"mso-ansi-language: ES\" lang=\"ES\"><o:p><\/o:p><\/SPAN><\/P><\/p>\n","protected":false},"excerpt":{"rendered":"En los d\u00edas 15 y el 16 de octubre tuvo lugar la visita a La Habana del Subsecretario de Relaciones Exteriores Mario Giro, durante la cual sostuvo con el Vice Ministro de Relacione Exteriores Rogelio Sierra D\u00edaz la primera sesi\u00f3n de di\u00e1logo pol\u00edtico bilateral.Entre los temas afrontados tuvo un fuerte predominio la colaboraci\u00f3n en el [&hellip;]","protected":false},"author":1,"featured_media":0,"comment_status":"","ping_status":"","sticky":false,"template":"","format":"standard","meta":{"footnotes":""},"tags":[],"class_list":["post-1666","post","type-post","status-publish","format-standard","hentry"],"_links":{"self":[{"href":"https:\/\/amblavana.esteri.it\/es\/wp-json\/wp\/v2\/posts\/1666","targetHints":{"allow":["GET"]}}],"collection":[{"href":"https:\/\/amblavana.esteri.it\/es\/wp-json\/wp\/v2\/posts"}],"about":[{"href":"https:\/\/amblavana.esteri.it\/es\/wp-json\/wp\/v2\/types\/post"}],"author":[{"embeddable":true,"href":"https:\/\/amblavana.esteri.it\/es\/wp-json\/wp\/v2\/users\/1"}],"replies":[{"embeddable":true,"href":"https:\/\/amblavana.esteri.it\/es\/wp-json\/wp\/v2\/comments?post=1666"}],"version-history":[{"count":0,"href":"https:\/\/amblavana.esteri.it\/es\/wp-json\/wp\/v2\/posts\/1666\/revisions"}],"wp:attachment":[{"href":"https:\/\/amblavana.esteri.it\/es\/wp-json\/wp\/v2\/media?parent=1666"}],"wp:term":[{"taxonomy":"post_tag","embeddable":true,"href":"https:\/\/amblavana.esteri.it\/es\/wp-json\/wp\/v2\/tags?post=1666"}],"curies":[{"name":"wp","href":"https:\/\/api.w.org\/{rel}","templated":true}]}}