{"id":1660,"date":"2009-06-09T13:34:37","date_gmt":"2009-06-09T17:34:37","guid":{"rendered":"https:\/\/amblavana.esteri.it\/news\/dall_ambasciata\/2009\/06\/news09062009-2\/"},"modified":"2009-06-09T13:34:37","modified_gmt":"2009-06-09T17:34:37","slug":"news09062009-2","status":"publish","type":"post","link":"https:\/\/amblavana.esteri.it\/es\/news\/dall_ambasciata\/2009\/06\/news09062009-2\/","title":{"rendered":"XVII Semana de la Cultura Italiana en Cuba (7)"},"content":{"rendered":"<p><P class=\"MsoNormal\" style=\"TEXT-ALIGN: justify; MARGIN: 0cm 0cm 0pt; LINE-HEIGHT: normal\"><SPAN lang=\"ES\" style='FONT-SIZE: 12pt; FONT-FAMILY: \"Times New Roman\"; mso-ansi-language: ES; mso-fareast-language: IT'><FONT color=\"#000000\">La jornada conclusiva de la Semana de la Cultura Italiana en Cuba se desarroll\u00f3 esencialmente en la \u201cCasa Garibaldi\u201d con una mesa redonda para celebrar el 20\u00b0 aniversario de la Sociedad Dante Alighieri en Cuba y la sucesiva presentaci\u00f3n, a cargo de Ernesto Marziota, del libro \u201cCuentos de camino\u201d de Pablo Andr\u00e9s Pitaluga Pitaluga y Miguel Angel D\u00edaz Catal\u00e1, para luego proseguir con la inauguraci\u00f3n de la tradicional exposici\u00f3n dedicada al tema \u201cEmigrantes y familias de origen italiano en Cuba\u201d. <?xml:namespace prefix = \"o\" ns = \"urn:schemas-microsoft-com:office:office\" \/><o:p><\/o:p><\/FONT><\/SPAN><\/P><br \/>\n<P class=\"MsoNormal\" style=\"TEXT-ALIGN: justify; MARGIN: 0cm 0cm 0pt; LINE-HEIGHT: normal\"><SPAN lang=\"ES\" style='FONT-SIZE: 12pt; FONT-FAMILY: \"Times New Roman\"; mso-ansi-language: ES; mso-fareast-language: IT'><FONT color=\"#000000\">En la tarde en el Caf\u00e9 Bohemia, el profesor y escritor Alessandro Zarlatti y Dalia Garc\u00eda de la Academia Leonardo da Vinci organizaron un evento relacionado con el tema de la inclusi\u00f3n social de los discapacitados, con la proyecci\u00f3n del filme documental \u201cLocos de desatar\u201d (1975) de Silvano Agosti y Marco Bellocchio que trata el tema de la instituci\u00f3n demencial bas\u00e1ndose en las teor\u00edas de Franco Basaglia, que en 1978, concluyeron en la ley que lleva su nombre. Al terminar la proyecci\u00f3n, tuvo lugar un breve debate entre Zarlatti y Gioia Minuti, periodista del Granma Internacional. Es importante se\u00f1alar dos momentos danzarios de la genial Alina Ramirez, bailarina de la compa\u00f1\u00eda Teatro Retazos, al inicio y al final del film.<\/FONT><A name=\"_GoBack\"><\/A><o:p><\/o:p><\/SPAN><\/P><br \/>\n<P class=\"MsoNormal\" style=\"MARGIN: 0cm 0cm 10pt\"><SPAN lang=\"ES\" style=\"mso-ansi-language: ES\"><o:p><FONT color=\"#000000\" size=\"3\" face=\"Calibri\">\u00a0<\/FONT><\/o:p><\/SPAN><\/P><br \/>\n<P><IMG border=\"0\" alt=\"ambasciatore\" src=\"\/resource\/2014\/12\/84270_f_amb61_DSC5008AmbemesaredondaanniversarioDanteAlighieri1.jpg\"><\/P><\/p>\n","protected":false},"excerpt":{"rendered":"La jornada conclusiva de la Semana de la Cultura Italiana en Cuba se desarroll\u00f3 esencialmente en la \u201cCasa Garibaldi\u201d con una mesa redonda para celebrar el 20\u00b0 aniversario de la Sociedad Dante Alighieri en Cuba y la sucesiva presentaci\u00f3n, a cargo de Ernesto Marziota, del libro \u201cCuentos de camino\u201d de Pablo Andr\u00e9s Pitaluga Pitaluga y [&hellip;]","protected":false},"author":1,"featured_media":0,"comment_status":"","ping_status":"","sticky":false,"template":"","format":"standard","meta":{"footnotes":""},"tags":[],"class_list":["post-1660","post","type-post","status-publish","format-standard","hentry"],"_links":{"self":[{"href":"https:\/\/amblavana.esteri.it\/es\/wp-json\/wp\/v2\/posts\/1660","targetHints":{"allow":["GET"]}}],"collection":[{"href":"https:\/\/amblavana.esteri.it\/es\/wp-json\/wp\/v2\/posts"}],"about":[{"href":"https:\/\/amblavana.esteri.it\/es\/wp-json\/wp\/v2\/types\/post"}],"author":[{"embeddable":true,"href":"https:\/\/amblavana.esteri.it\/es\/wp-json\/wp\/v2\/users\/1"}],"replies":[{"embeddable":true,"href":"https:\/\/amblavana.esteri.it\/es\/wp-json\/wp\/v2\/comments?post=1660"}],"version-history":[{"count":0,"href":"https:\/\/amblavana.esteri.it\/es\/wp-json\/wp\/v2\/posts\/1660\/revisions"}],"wp:attachment":[{"href":"https:\/\/amblavana.esteri.it\/es\/wp-json\/wp\/v2\/media?parent=1660"}],"wp:term":[{"taxonomy":"post_tag","embeddable":true,"href":"https:\/\/amblavana.esteri.it\/es\/wp-json\/wp\/v2\/tags?post=1660"}],"curies":[{"name":"wp","href":"https:\/\/api.w.org\/{rel}","templated":true}]}}