{"id":1654,"date":"2009-11-10T19:20:22","date_gmt":"2009-11-10T23:20:22","guid":{"rendered":"https:\/\/amblavana.esteri.it\/news\/dall_ambasciata\/2009\/11\/10112009-2\/"},"modified":"2009-11-10T19:20:22","modified_gmt":"2009-11-10T23:20:22","slug":"10112009-2","status":"publish","type":"post","link":"https:\/\/amblavana.esteri.it\/es\/news\/dall_ambasciata\/2009\/11\/10112009-2\/","title":{"rendered":"Programa de la XVII\u00a0Semana de la Cultura Italiana en Cuba"},"content":{"rendered":"<p><P>El director de orquesta Claudio Abbado, art\u00ecstica y humanamente ligado a Cuba, y la inclusi\u00f2n social de las personas con discapacidad, son los temas centrales de la XVII edici\u00f2n de la Semana de la Cultura italiana en Cuba, consolidando punto de encuentro y de intercambio de alto nivel, abierto a toda manifestaci\u00f2n y expresi\u00f2n artistica social y humana.<\/P><P><BR><BR><IMG border=\"0\" alt=\"c1\" src=\"\/resource\/2014\/11\/83614_f_amb61cultura20143.jpg\"><BR><BR><IMG border=\"0\" alt=\"c2\" src=\"\/resource\/2014\/11\/83615_f_amb61cultura20144.jpg\"><\/P><\/p>\n","protected":false},"excerpt":{"rendered":"El director de orquesta Claudio Abbado, art\u00ecstica y humanamente ligado a Cuba, y la inclusi\u00f2n social de las personas con discapacidad, son los temas centrales de la XVII edici\u00f2n de la Semana de la Cultura italiana en Cuba, consolidando punto de encuentro y de intercambio de alto nivel, abierto a toda manifestaci\u00f2n y expresi\u00f2n artistica [&hellip;]","protected":false},"author":1,"featured_media":0,"comment_status":"","ping_status":"","sticky":false,"template":"","format":"standard","meta":{"footnotes":""},"tags":[],"class_list":["post-1654","post","type-post","status-publish","format-standard","hentry"],"_links":{"self":[{"href":"https:\/\/amblavana.esteri.it\/es\/wp-json\/wp\/v2\/posts\/1654","targetHints":{"allow":["GET"]}}],"collection":[{"href":"https:\/\/amblavana.esteri.it\/es\/wp-json\/wp\/v2\/posts"}],"about":[{"href":"https:\/\/amblavana.esteri.it\/es\/wp-json\/wp\/v2\/types\/post"}],"author":[{"embeddable":true,"href":"https:\/\/amblavana.esteri.it\/es\/wp-json\/wp\/v2\/users\/1"}],"replies":[{"embeddable":true,"href":"https:\/\/amblavana.esteri.it\/es\/wp-json\/wp\/v2\/comments?post=1654"}],"version-history":[{"count":0,"href":"https:\/\/amblavana.esteri.it\/es\/wp-json\/wp\/v2\/posts\/1654\/revisions"}],"wp:attachment":[{"href":"https:\/\/amblavana.esteri.it\/es\/wp-json\/wp\/v2\/media?parent=1654"}],"wp:term":[{"taxonomy":"post_tag","embeddable":true,"href":"https:\/\/amblavana.esteri.it\/es\/wp-json\/wp\/v2\/tags?post=1654"}],"curies":[{"name":"wp","href":"https:\/\/api.w.org\/{rel}","templated":true}]}}