{"id":1648,"date":"2010-03-09T20:37:25","date_gmt":"2010-03-10T00:37:25","guid":{"rendered":"https:\/\/amblavana.esteri.it\/news\/dall_ambasciata\/2010\/03\/news09032010-2\/"},"modified":"2010-03-09T20:37:25","modified_gmt":"2010-03-10T00:37:25","slug":"news09032010-2","status":"publish","type":"post","link":"https:\/\/amblavana.esteri.it\/es\/news\/dall_ambasciata\/2010\/03\/news09032010-2\/","title":{"rendered":"XVI Seminario de los Italianistas cubanos (La Habana, 27 \u2013 29 de mayo, 2014)"},"content":{"rendered":"<p><P><FONT color=\"#000000\" size=\"3\" face=\"Times New Roman\">Del 27 al 29 del pasado mes de mayo tuvo lugar en La Habana la decimosexta edici\u00f3n del Seminario de los Italianistas cubanos.<\/FONT><\/P><P><FONT color=\"#000000\" size=\"3\" face=\"Times New Roman\">Con la presencia del Embajador de Italia, Carmine Robustelli, fue celebrada en el Centro Hispanoamericano de Cultura la ceremonia de apertura del Seminario, seguida por un breve espect\u00e1culo teatral l\u00edrico \u00abIl Combattimento di Tancredi e Clorinda\u00bb extra\u00eddo del texto de la \u00abGerusalemme Liberata\u00bb de Torquato Tasso, con m\u00fasica de Claudio Monteverdi. La relectura de la obra de Maurizio Capuano y de Adriano Galliussi represent\u00f3 un momento de entretenimiento musical sui g\u00e9neris gracias a la interpretaci\u00f3n moderna del texto en versos por parte de una joven pareja de bailarines.<\/FONT><\/P><br \/>\n<P><FONT color=\"#000000\" size=\"3\" face=\"Times New Roman\">Los trabajos del Seminario, dedicado este a\u00f1o a la traducci\u00f3n observada en sus m\u00faltiples aspectos, fueron significativamente abiertos por dos conferencias sobre el poeta y traductor Salvatore Quasimodo, de los Profesores Stefano Tedeschi -quien, en la imposibilidad de participar enviara el texto de su contribuci\u00f3n- y Francesca Bernardini respectivamente, ambos de la Universidad \u00abLa Sapienza\u00bb de Roma y por la presentacion de la antologia de cuentos cubanos en italiano \u00abCuba: el arte de conjugar\u00bb. La antolog\u00eda es el primer resultado tangible del proyecto \u00abCulturas en confrontaci\u00f3n\u00bb, nacido del acuerdo acad\u00e9mico entre el Departamento de Estudios Europeos, Americanos e Interculturales de \u00abLa Sapienza\u00bb &#8211; Universidad de Roma y la Facultad de Lenguas Extranjeras (FLEX) y de Artes y Letras (FAYL) de la Universidad de La Habana.<\/FONT><\/P><br \/>\n<P><FONT color=\"#000000\" size=\"3\" face=\"Times New Roman\">La significativa participaci\u00f3n de Irina Bajini, Profesora de Literatura hispanoamericana en la Universidad de Mil\u00e1n, y la intervenci\u00f3n sobre las obras de Puccini por parte del music\u00f3logo V\u00e1zquez Millares, condecorado el pasado a\u00f1o con el t\u00edtulo de Caballero de la Orden de la Estrella de Italia, constituyeron momentos salientes de la tercera y \u00faltima jornada que luego se concluy\u00f3 con la entrega, por parte del Embajador Robustelli, de los certificados a los participantes en el Seminario en la renombrada sede de la Sociedad Dante Alighieri.<\/FONT><\/P><br \/>\n<P><FONT color=\"#000000\" size=\"3\" face=\"Times New Roman\">Tambi\u00e9n esta XVII edici\u00f3n ha registrado una vez m\u00e1s una gran participaci\u00f3n de apasionados y expertos, confirmando la importancia de esta tradicional cita caracterizada por un rico intercambio con miras a la profundizaci\u00f3n y actualizaci\u00f3n de una materia en perenne evoluci\u00f3n. <\/FONT><\/P><FONT color=\"#000000\" size=\"3\" face=\"Times New Roman\"><br \/>\n<P><BR><BR><BR>El programa esta&#8217; disponible <A href=\"\/resource\/2014\/05\/77777_f_amb61Programa2014ORIGINALFINAL1.pdf\">aqui&#8217;<\/A><\/P><br \/>\n<P><BR><BR><BR><IMG border=\"0\" alt=\"foto italianistica\" src=\"\/resource\/2014\/06\/78475_f_amb6120140527_180611tagliataerimpicciolita1.jpg\"><BR><BR><BR><IMG border=\"0\" alt=\"foto 2 italianistica\" src=\"\/resource\/2014\/06\/78476_f_amb61Foto0768rimpicciolita1.jpg\"><\/FONT><\/P><\/p>\n","protected":false},"excerpt":{"rendered":"Del 27 al 29 del pasado mes de mayo tuvo lugar en La Habana la decimosexta edici\u00f3n del Seminario de los Italianistas cubanos.Con la presencia del Embajador de Italia, Carmine Robustelli, fue celebrada en el Centro Hispanoamericano de Cultura la ceremonia de apertura del Seminario, seguida por un breve espect\u00e1culo teatral l\u00edrico \u00abIl Combattimento di [&hellip;]","protected":false},"author":1,"featured_media":0,"comment_status":"","ping_status":"","sticky":false,"template":"","format":"standard","meta":{"footnotes":""},"tags":[],"class_list":["post-1648","post","type-post","status-publish","format-standard","hentry"],"_links":{"self":[{"href":"https:\/\/amblavana.esteri.it\/es\/wp-json\/wp\/v2\/posts\/1648","targetHints":{"allow":["GET"]}}],"collection":[{"href":"https:\/\/amblavana.esteri.it\/es\/wp-json\/wp\/v2\/posts"}],"about":[{"href":"https:\/\/amblavana.esteri.it\/es\/wp-json\/wp\/v2\/types\/post"}],"author":[{"embeddable":true,"href":"https:\/\/amblavana.esteri.it\/es\/wp-json\/wp\/v2\/users\/1"}],"replies":[{"embeddable":true,"href":"https:\/\/amblavana.esteri.it\/es\/wp-json\/wp\/v2\/comments?post=1648"}],"version-history":[{"count":0,"href":"https:\/\/amblavana.esteri.it\/es\/wp-json\/wp\/v2\/posts\/1648\/revisions"}],"wp:attachment":[{"href":"https:\/\/amblavana.esteri.it\/es\/wp-json\/wp\/v2\/media?parent=1648"}],"wp:term":[{"taxonomy":"post_tag","embeddable":true,"href":"https:\/\/amblavana.esteri.it\/es\/wp-json\/wp\/v2\/tags?post=1648"}],"curies":[{"name":"wp","href":"https:\/\/api.w.org\/{rel}","templated":true}]}}