{"id":1601,"date":"2011-02-28T14:54:29","date_gmt":"2011-02-28T18:54:29","guid":{"rendered":"https:\/\/amblavana.esteri.it\/news\/dall_ambasciata\/2011\/02\/news27022011-2\/"},"modified":"2011-02-28T14:54:29","modified_gmt":"2011-02-28T18:54:29","slug":"news27022011-2","status":"publish","type":"post","link":"https:\/\/amblavana.esteri.it\/es\/news\/dall_ambasciata\/2011\/02\/news27022011-2\/","title":{"rendered":"XVIII Semana de la cultura italiana en Cuba23 \u2013 29 de novembre de 2015"},"content":{"rendered":"<p><FONT size=\"2\" face=\"Arial\"><SPAN style=\"FONT-FAMILY: Arial; FONT-SIZE: 10pt\" lang=\"ES\"><br \/>\n<P style=\"TEXT-ALIGN: justify; LINE-HEIGHT: 125%; MARGIN: 0cm 0cm 0pt\" class=\"MsoNormal\"><SPAN style=\"LINE-HEIGHT: 125%; FONT-FAMILY: Tahoma; FONT-SIZE: 11pt; mso-ansi-language: ES\" lang=\"ES\"><FONT color=\"#000000\">Arriba este a\u00f1o a la <B style=\"mso-bidi-font-weight: normal\">XVIII edici\u00f3n la Semana de la cultura italiana en Cuba<\/B>, organizada por la Embajada italiana en La Habana junto al Ministerio de la Cultura de la Rep\u00fablica de Cuba y a la Oficina del Historiador de la Ciudad de La Habana.<BR><?xml:namespace prefix = \"o\" ns = \"urn:schemas-microsoft-com:office:office\" \/><o:p><BR><\/o:p><\/FONT><\/SPAN><\/P><br \/>\n<P style=\"TEXT-ALIGN: justify; LINE-HEIGHT: 125%; MARGIN: 0cm 0cm 0pt\" class=\"MsoNormal\"><SPAN style=\"LINE-HEIGHT: 125%; FONT-FAMILY: Tahoma; FONT-SIZE: 11pt; mso-ansi-language: ES\" lang=\"ES\"><o:p><FONT color=\"#000000\">\u00a0<\/FONT><\/o:p><\/SPAN><\/P><br \/>\n<P style=\"TEXT-ALIGN: justify; LINE-HEIGHT: 125%; MARGIN: 0cm 0cm 0pt\" class=\"MsoNormal\"><SPAN style=\"LINE-HEIGHT: 125%; FONT-FAMILY: Tahoma; FONT-SIZE: 11pt; mso-ansi-language: ES\" lang=\"ES\"><FONT color=\"#000000\">La edici\u00f3n de este a\u00f1o se distingue por estar dedicada a dos temas particularmente significativos: las Escuelas Nacionales de Arte de La Habana y Pier Paolo Pasolini. Las <B style=\"mso-bidi-font-weight: normal\">Escuelas de arte<\/B> nacen en los primeros a\u00f1os &#8217;60 gracias a un visionario proyecto arquitect\u00f3nico a cargo del cubano Ricardo Porro y de dos italianos Vittorio Garatti y Roberto Gottardi; el antiguo Country Club de La Habana fue as\u00ed transformado en una obra donde se entrecruzan vanguardia arquitect\u00f3nica y simbolismo cultural, y que hoy la UNESCO reconoce entre los lugares de mayor importancia hist\u00f3rica, cultural y arquitect\u00f3nica del patrimonio mundial. Indicativo tambi\u00e9n el recuerdo de <B style=\"mso-bidi-font-weight: normal\">Pier Paolo Pasolini<\/B>, a cuarenta a\u00f1os de la muerte del gran intelectual y artista de Bolo\u00f1a; atento observador de la sociedad italiana del periodo postguerra en adelante, quien provoc\u00f3 frecuentemente pol\u00e9micas por sus ideas radicales y sus opiniones hirientes, dejando sin embargo en todas sus obras una preciosa herencia art\u00edstica e intelectual.<BR><o:p><\/o:p><\/FONT><\/SPAN><\/P><br \/>\n<P style=\"TEXT-ALIGN: justify; LINE-HEIGHT: 125%; MARGIN: 0cm 0cm 0pt\" class=\"MsoNormal\"><SPAN style=\"LINE-HEIGHT: 125%; FONT-FAMILY: Tahoma; FONT-SIZE: 11pt; mso-ansi-language: ES\" lang=\"ES\"><o:p><FONT color=\"#000000\"><BR>\u00a0<\/FONT><\/o:p><\/SPAN><\/P><br \/>\n<P style=\"TEXT-ALIGN: justify; LINE-HEIGHT: 125%; MARGIN: 0cm 0cm 0pt\" class=\"MsoNormal\"><SPAN style=\"LINE-HEIGHT: 125%; FONT-FAMILY: Tahoma; FONT-SIZE: 11pt; mso-ansi-language: ES\" lang=\"ES\"><FONT color=\"#000000\">Con un programa denso de actividades acogidas por los m\u00e1s importantes centros culturales de la <SPAN style=\"mso-spacerun: yes\">\u00a0<\/SPAN>capital cubana, la ya tradicional cita con la cultura italiana se desarrolla en un <B style=\"mso-bidi-font-weight: normal\">clima de gran acuerdo y colaboraci\u00f3n entre Italia y Cuba<\/B>, pocas semanas despu\u00e9s de la hist\u00f3rica visita del Presidente del Consejo Renzi, que en La Habana se encontr\u00f3 con los estudiantes del Instituto Superior de Artes (ISA, que forma parte del complejo de Escuelas de Arte) subrayando exactamente la importancia de la colaboraci\u00f3n cultural entre los dos Pa\u00edses.<BR><o:p><\/o:p><\/FONT><\/SPAN><\/P><br \/>\n<P style=\"TEXT-ALIGN: justify; LINE-HEIGHT: 125%; MARGIN: 0cm 0cm 0pt; tab-stops: 376.5pt\" class=\"MsoNormal\"><SPAN style=\"LINE-HEIGHT: 125%; FONT-FAMILY: Tahoma; FONT-SIZE: 11pt; mso-ansi-language: ES\" lang=\"ES\"><FONT color=\"#000000\"><SPAN style=\"mso-tab-count: 1\"><BR><\/SPAN><\/FONT><\/SPAN><SPAN style=\"LINE-HEIGHT: 125%; FONT-FAMILY: Tahoma; FONT-SIZE: 11pt; mso-ansi-language: ES\" lang=\"ES\"><FONT color=\"#000000\"><BR><BR>Cultura italiana a 360 grados en La Habana, de la m\u00fasica al arte contempor\u00e1neo, del cine a la danza, con la <B style=\"mso-bidi-font-weight: normal\">participaci\u00f3n de artistas de fama internacional<\/B> como Uto Ughi, que inaugura la Semana con un concierto en la Bas\u00edlica de San Francisco de As\u00eds, y Michelangelo Pistoletto quien, con la colaboraci\u00f3n de <I style=\"mso-bidi-font-style: normal\">Galleria Continua<\/I>, es protagonista del 1\u00b0 forum dedicado a la \u201cGeograf\u00eda de las transformaciones\u201d.\u00a0<o:p><\/o:p><\/FONT><\/SPAN><BR><BR><SPAN style=\"LINE-HEIGHT: 125%; FONT-FAMILY: Tahoma; FONT-SIZE: 11pt\"><o:p><FONT color=\"#000000\"><BR>\u00a0<\/FONT><\/o:p><\/SPAN><\/P><br \/>\n<P style=\"TEXT-ALIGN: justify; LINE-HEIGHT: 125%; MARGIN: 0cm 0cm 0pt\" class=\"MsoNormal\"><SPAN style=\"LINE-HEIGHT: 125%; FONT-FAMILY: Tahoma; FONT-SIZE: 11pt; mso-ansi-language: ES\" lang=\"ES\"><FONT color=\"#000000\">La Embajada agradece a las empresas que, con su generosidad, han suportado la realizaci\u00f3n de la Semana de la cultura italiana en Cuba tambi\u00e9n este a\u00f1o. <o:p><\/o:p><\/FONT><\/SPAN><\/P><br \/>\n<P class=\"MsoNormal\"><BR><BR><IMG border=\"0\" alt=\"programa1\" src=\"\/resource\/2015\/11\/93885_f_amb61ProgramaSemanadelaCulturaItaliana2.jpg\"><BR><BR><IMG border=\"0\" alt=\"programa2\" src=\"\/resource\/2015\/11\/93886_f_amb61Plegable2015portadaokfinal2.jpg\"><\/SPAN><\/FONT><\/P><\/p>\n","protected":false},"excerpt":{"rendered":"Arriba este a\u00f1o a la XVIII edici\u00f3n la Semana de la cultura italiana en Cuba, organizada por la Embajada italiana en La Habana junto al Ministerio de la Cultura de la Rep\u00fablica de Cuba y a la Oficina del Historiador de la Ciudad de La Habana. \u00a0 La edici\u00f3n de este a\u00f1o se distingue por [&hellip;]","protected":false},"author":1,"featured_media":0,"comment_status":"","ping_status":"","sticky":false,"template":"","format":"standard","meta":{"footnotes":""},"tags":[],"class_list":["post-1601","post","type-post","status-publish","format-standard","hentry"],"_links":{"self":[{"href":"https:\/\/amblavana.esteri.it\/es\/wp-json\/wp\/v2\/posts\/1601","targetHints":{"allow":["GET"]}}],"collection":[{"href":"https:\/\/amblavana.esteri.it\/es\/wp-json\/wp\/v2\/posts"}],"about":[{"href":"https:\/\/amblavana.esteri.it\/es\/wp-json\/wp\/v2\/types\/post"}],"author":[{"embeddable":true,"href":"https:\/\/amblavana.esteri.it\/es\/wp-json\/wp\/v2\/users\/1"}],"replies":[{"embeddable":true,"href":"https:\/\/amblavana.esteri.it\/es\/wp-json\/wp\/v2\/comments?post=1601"}],"version-history":[{"count":0,"href":"https:\/\/amblavana.esteri.it\/es\/wp-json\/wp\/v2\/posts\/1601\/revisions"}],"wp:attachment":[{"href":"https:\/\/amblavana.esteri.it\/es\/wp-json\/wp\/v2\/media?parent=1601"}],"wp:term":[{"taxonomy":"post_tag","embeddable":true,"href":"https:\/\/amblavana.esteri.it\/es\/wp-json\/wp\/v2\/tags?post=1601"}],"curies":[{"name":"wp","href":"https:\/\/api.w.org\/{rel}","templated":true}]}}